{"id":4145,"date":"2025-06-26T14:19:17","date_gmt":"2025-06-26T12:19:17","guid":{"rendered":"https:\/\/webs.uab.cat\/incasi?p=4145"},"modified":"2025-09-19T09:57:24","modified_gmt":"2025-09-19T07:57:24","slug":"video-living-lab-nadia-rizzo-25-06-2025","status":"publish","type":"post","link":"https:\/\/webs.uab.cat\/incasi?p=4145","title":{"rendered":"Video Living Lab \u2013 Nadia Rizzo (25\/06\/2025)"},"content":{"rendered":"\n<p>El d\u00eda 25 de Junio en la Universidad de la Coru\u00f1a se realiz\u00f3 el seminario ILL N\u00ba 68 con la presentaci\u00f3n titulada \u00abLa perspectiva cualitativa en el campo de la pol\u00edtica social: tramas, sentidos y pr\u00e1cticas\u201d, realizada por Nadia Rizzo de la Universidad de Buenos Aires (UBA).<\/p>\n\n\n\n<p>Puedes ver el video a continuaci\u00f3n:<\/p>\n\n\n\n<figure class=\"wp-block-embed is-type-video is-provider-youtube wp-block-embed-youtube wp-embed-aspect-16-9 wp-has-aspect-ratio\"><div class=\"wp-block-embed__wrapper\">\n<iframe loading=\"lazy\" title=\"ILL n\u00ba 68, La perspectiva cualitativa en el campo de la pol\u00edtica social: tramas, sentidos pr\u00e1cticas\" width=\"580\" height=\"326\" src=\"https:\/\/www.youtube.com\/embed\/EZZBLMMFI-g?feature=oembed\" frameborder=\"0\" allow=\"accelerometer; autoplay; clipboard-write; encrypted-media; gyroscope; picture-in-picture; web-share\" referrerpolicy=\"strict-origin-when-cross-origin\" allowfullscreen><\/iframe> \n<\/div><\/figure>\n","protected":false},"excerpt":{"rendered":"<p>El d\u00eda 25 de Junio en la Universidad de la Coru\u00f1a se realiz\u00f3 el seminario ILL N\u00ba 68 con la presentaci\u00f3n titulada \u00abLa perspectiva cualitativa en el campo de la pol\u00edtica social: tramas, sentidos y pr\u00e1cticas\u201d, realizada por Nadia Rizzo de la Universidad de Buenos Aires (UBA). Puedes ver el video a continuaci\u00f3n:<\/p>\n","protected":false},"author":2496,"featured_media":0,"comment_status":"closed","ping_status":"closed","sticky":false,"template":"","format":"standard","meta":{"footnotes":""},"categories":[4,3,8],"tags":[],"class_list":["post-4145","post","type-post","status-publish","format-standard","hentry","category-incasi-living-lab","category-news","category-video_ill"],"_links":{"self":[{"href":"https:\/\/webs.uab.cat\/incasi\/index.php?rest_route=\/wp\/v2\/posts\/4145","targetHints":{"allow":["GET"]}}],"collection":[{"href":"https:\/\/webs.uab.cat\/incasi\/index.php?rest_route=\/wp\/v2\/posts"}],"about":[{"href":"https:\/\/webs.uab.cat\/incasi\/index.php?rest_route=\/wp\/v2\/types\/post"}],"author":[{"embeddable":true,"href":"https:\/\/webs.uab.cat\/incasi\/index.php?rest_route=\/wp\/v2\/users\/2496"}],"replies":[{"embeddable":true,"href":"https:\/\/webs.uab.cat\/incasi\/index.php?rest_route=%2Fwp%2Fv2%2Fcomments&post=4145"}],"version-history":[{"count":1,"href":"https:\/\/webs.uab.cat\/incasi\/index.php?rest_route=\/wp\/v2\/posts\/4145\/revisions"}],"predecessor-version":[{"id":4147,"href":"https:\/\/webs.uab.cat\/incasi\/index.php?rest_route=\/wp\/v2\/posts\/4145\/revisions\/4147"}],"wp:attachment":[{"href":"https:\/\/webs.uab.cat\/incasi\/index.php?rest_route=%2Fwp%2Fv2%2Fmedia&parent=4145"}],"wp:term":[{"taxonomy":"category","embeddable":true,"href":"https:\/\/webs.uab.cat\/incasi\/index.php?rest_route=%2Fwp%2Fv2%2Fcategories&post=4145"},{"taxonomy":"post_tag","embeddable":true,"href":"https:\/\/webs.uab.cat\/incasi\/index.php?rest_route=%2Fwp%2Fv2%2Ftags&post=4145"}],"curies":[{"name":"wp","href":"https:\/\/api.w.org\/{rel}","templated":true}]}}