{"id":4165,"date":"2025-08-23T12:08:42","date_gmt":"2025-08-23T10:08:42","guid":{"rendered":"https:\/\/webs.uab.cat\/incasi?p=4165"},"modified":"2025-09-19T09:55:25","modified_gmt":"2025-09-19T07:55:25","slug":"video-living-lab-10-anos-incasi-22-08-2025","status":"publish","type":"post","link":"https:\/\/webs.uab.cat\/incasi?p=4165","title":{"rendered":"Video Living Lab \u2013 10 a\u00f1os INCASI\u00a0 (22\/08\/2025)"},"content":{"rendered":"\n<p>El d\u00eda 22 de Agosto en la Universidad de Buenos Aires se realiz\u00f3 el seminario ILL N\u00ba 77 con la presentaci\u00f3n titulada \u201c<em>Puentes acad\u00e9micos: La red INCASI y su contribuci\u00f3n al an\u00e1lisis de las desigualdades globales<\/em>\u00a0<em>\u00a0<\/em>Colaboraci\u00f3n transatl\u00e1ntica en Ciencias Sociales:\u00a0\u00a0Una d\u00e9cada de investigaci\u00f3n cr\u00edtica sobre desigualdad, apoyada por el programa de investigaci\u00f3n de la Comisi\u00f3n Europea\u00bb, coordinada por Eduardo Ch\u00e1vez Molina de la Universidad de Buenos Aires (UBA).\u00a0<\/p>\n\n\n\n<p>Puedes ver el video a continuaci\u00f3n:<\/p>\n\n\n\n<figure class=\"wp-block-embed is-type-video is-provider-youtube wp-block-embed-youtube wp-embed-aspect-16-9 wp-has-aspect-ratio\"><div class=\"wp-block-embed__wrapper\">\n<iframe loading=\"lazy\" title=\"ILL 77 Puentes acad\u00e9micos; La red INCASI y su contribuci\u00f3n al an\u00e1lisis de las desigualdades globales\" width=\"580\" height=\"326\" src=\"https:\/\/www.youtube.com\/embed\/wo9GT3FUzHE?feature=oembed\" frameborder=\"0\" allow=\"accelerometer; autoplay; clipboard-write; encrypted-media; gyroscope; picture-in-picture; web-share\" referrerpolicy=\"strict-origin-when-cross-origin\" allowfullscreen><\/iframe>\n<\/div><\/figure>\n","protected":false},"excerpt":{"rendered":"<p>El d\u00eda 22 de Agosto en la Universidad de Buenos Aires se realiz\u00f3 el seminario ILL N\u00ba 77 con la presentaci\u00f3n titulada \u201cPuentes acad\u00e9micos: La red INCASI y su contribuci\u00f3n al an\u00e1lisis de las desigualdades globales\u00a0\u00a0Colaboraci\u00f3n transatl\u00e1ntica en Ciencias Sociales:\u00a0\u00a0Una d\u00e9cada de investigaci\u00f3n cr\u00edtica sobre desigualdad, apoyada por el programa de investigaci\u00f3n de la Comisi\u00f3n [&hellip;]<\/p>\n","protected":false},"author":2496,"featured_media":0,"comment_status":"closed","ping_status":"closed","sticky":false,"template":"","format":"standard","meta":{"footnotes":""},"categories":[4,3,8],"tags":[],"class_list":["post-4165","post","type-post","status-publish","format-standard","hentry","category-incasi-living-lab","category-news","category-video_ill"],"_links":{"self":[{"href":"https:\/\/webs.uab.cat\/incasi\/index.php?rest_route=\/wp\/v2\/posts\/4165","targetHints":{"allow":["GET"]}}],"collection":[{"href":"https:\/\/webs.uab.cat\/incasi\/index.php?rest_route=\/wp\/v2\/posts"}],"about":[{"href":"https:\/\/webs.uab.cat\/incasi\/index.php?rest_route=\/wp\/v2\/types\/post"}],"author":[{"embeddable":true,"href":"https:\/\/webs.uab.cat\/incasi\/index.php?rest_route=\/wp\/v2\/users\/2496"}],"replies":[{"embeddable":true,"href":"https:\/\/webs.uab.cat\/incasi\/index.php?rest_route=%2Fwp%2Fv2%2Fcomments&post=4165"}],"version-history":[{"count":1,"href":"https:\/\/webs.uab.cat\/incasi\/index.php?rest_route=\/wp\/v2\/posts\/4165\/revisions"}],"predecessor-version":[{"id":4166,"href":"https:\/\/webs.uab.cat\/incasi\/index.php?rest_route=\/wp\/v2\/posts\/4165\/revisions\/4166"}],"wp:attachment":[{"href":"https:\/\/webs.uab.cat\/incasi\/index.php?rest_route=%2Fwp%2Fv2%2Fmedia&parent=4165"}],"wp:term":[{"taxonomy":"category","embeddable":true,"href":"https:\/\/webs.uab.cat\/incasi\/index.php?rest_route=%2Fwp%2Fv2%2Fcategories&post=4165"},{"taxonomy":"post_tag","embeddable":true,"href":"https:\/\/webs.uab.cat\/incasi\/index.php?rest_route=%2Fwp%2Fv2%2Ftags&post=4165"}],"curies":[{"name":"wp","href":"https:\/\/api.w.org\/{rel}","templated":true}]}}