{"id":4174,"date":"2025-09-09T14:15:00","date_gmt":"2025-09-09T12:15:00","guid":{"rendered":"https:\/\/webs.uab.cat\/incasi?p=4174"},"modified":"2026-01-14T14:57:27","modified_gmt":"2026-01-14T12:57:27","slug":"entrevista-a-coordinacion-incasi2-desde-clacso-tv-9-9-25","status":"publish","type":"post","link":"https:\/\/webs.uab.cat\/incasi?p=4174","title":{"rendered":"Entrevista con la Coordinaci\u00f3n de INCASI2 de CLACSO TV (9\/9\/25)"},"content":{"rendered":"\n<p>CLACSO formaliz\u00f3 su incorporaci\u00f3n a la red INCASI y desde CLACSO.TV se entrevista a la coordinaci\u00f3n de INCASI2 con&nbsp;<strong>Pedro L\u00f3pez-Rold\u00e1n<\/strong> (UAB)&nbsp;y&nbsp;<strong>Sandra Fachelli<\/strong> (UPO).<\/p>\n\n\n\n<p>Puedes ver la entrevista en el siguiente v\u00eddeo:<\/p>\n\n\n\n<figure class=\"wp-block-embed is-type-video is-provider-youtube wp-block-embed-youtube wp-embed-aspect-16-9 wp-has-aspect-ratio\"><div class=\"wp-block-embed__wrapper\">\n<iframe loading=\"lazy\" title=\"Entrevista a Coordinaci\u00f3n INCASI2 desde CLACSO (9\/9\/25)\" width=\"580\" height=\"326\" src=\"https:\/\/www.youtube.com\/embed\/Nq2bWWcVPE8?feature=oembed\" frameborder=\"0\" allow=\"accelerometer; autoplay; clipboard-write; encrypted-media; gyroscope; picture-in-picture; web-share\" referrerpolicy=\"strict-origin-when-cross-origin\" allowfullscreen><\/iframe>\n<\/div><\/figure>\n","protected":false},"excerpt":{"rendered":"<p>CLACSO formaliz\u00f3 su incorporaci\u00f3n a la red INCASI y desde CLACSO.TV se entrevista a la coordinaci\u00f3n de INCASI2 con&nbsp;Pedro L\u00f3pez-Rold\u00e1n (UAB)&nbsp;y&nbsp;Sandra Fachelli (UPO). Puedes ver la entrevista en el siguiente v\u00eddeo:<\/p>\n","protected":false},"author":2496,"featured_media":0,"comment_status":"closed","ping_status":"closed","sticky":false,"template":"","format":"standard","meta":{"footnotes":""},"categories":[3],"tags":[],"class_list":["post-4174","post","type-post","status-publish","format-standard","hentry","category-news"],"_links":{"self":[{"href":"https:\/\/webs.uab.cat\/incasi\/index.php?rest_route=\/wp\/v2\/posts\/4174","targetHints":{"allow":["GET"]}}],"collection":[{"href":"https:\/\/webs.uab.cat\/incasi\/index.php?rest_route=\/wp\/v2\/posts"}],"about":[{"href":"https:\/\/webs.uab.cat\/incasi\/index.php?rest_route=\/wp\/v2\/types\/post"}],"author":[{"embeddable":true,"href":"https:\/\/webs.uab.cat\/incasi\/index.php?rest_route=\/wp\/v2\/users\/2496"}],"replies":[{"embeddable":true,"href":"https:\/\/webs.uab.cat\/incasi\/index.php?rest_route=%2Fwp%2Fv2%2Fcomments&post=4174"}],"version-history":[{"count":5,"href":"https:\/\/webs.uab.cat\/incasi\/index.php?rest_route=\/wp\/v2\/posts\/4174\/revisions"}],"predecessor-version":[{"id":4948,"href":"https:\/\/webs.uab.cat\/incasi\/index.php?rest_route=\/wp\/v2\/posts\/4174\/revisions\/4948"}],"wp:attachment":[{"href":"https:\/\/webs.uab.cat\/incasi\/index.php?rest_route=%2Fwp%2Fv2%2Fmedia&parent=4174"}],"wp:term":[{"taxonomy":"category","embeddable":true,"href":"https:\/\/webs.uab.cat\/incasi\/index.php?rest_route=%2Fwp%2Fv2%2Fcategories&post=4174"},{"taxonomy":"post_tag","embeddable":true,"href":"https:\/\/webs.uab.cat\/incasi\/index.php?rest_route=%2Fwp%2Fv2%2Ftags&post=4174"}],"curies":[{"name":"wp","href":"https:\/\/api.w.org\/{rel}","templated":true}]}}