{"id":5333,"date":"2026-03-26T08:33:09","date_gmt":"2026-03-26T06:33:09","guid":{"rendered":"https:\/\/webs.uab.cat\/incasi?p=5333"},"modified":"2026-04-01T09:41:32","modified_gmt":"2026-04-01T07:41:32","slug":"video-living-lab-mateo-nunez-26-03-2026","status":"publish","type":"post","link":"https:\/\/webs.uab.cat\/incasi?p=5333","title":{"rendered":"Video Living Lab \u2013 Mateo N\u00fa\u00f1ez (26\/03\/2026)"},"content":{"rendered":"\n<p>El d\u00eda 26 de marzo de 2026 en la Universidad de La Rep\u00fablica se realiz\u00f3 el seminario ILL n\u00ba 127 con la presentaci\u00f3n titulada \u201cMigraciones y desarrollo socioecon\u00f3mico en regiones rurales: el caso del Bierzo (Espa\u00f1a) y L&#8217;Astigiano (Italia)\u201d, presentada por Mateo N\u00fa\u00f1ez-Mart\u00ednez de la Universidade da Coru\u00f1a (UDC).<\/p>\n\n\n\n<p>Ver video a continuaci\u00f3n:<\/p>\n\n\n\n<figure class=\"wp-block-embed is-type-video is-provider-youtube wp-block-embed-youtube wp-embed-aspect-16-9 wp-has-aspect-ratio\"><div class=\"wp-block-embed__wrapper\">\n<iframe loading=\"lazy\" title=\"ILL n\u00ba 127 Migraciones y desarrollo socioecon\u00f3mico en regiones rurales: el caso de...\" width=\"580\" height=\"326\" src=\"https:\/\/www.youtube.com\/embed\/Y3UtVwqmbGg?feature=oembed\" frameborder=\"0\" allow=\"accelerometer; autoplay; clipboard-write; encrypted-media; gyroscope; picture-in-picture; web-share\" referrerpolicy=\"strict-origin-when-cross-origin\" allowfullscreen><\/iframe>\n<\/div><\/figure>\n","protected":false},"excerpt":{"rendered":"<p>El d\u00eda 26 de marzo de 2026 en la Universidad de La Rep\u00fablica se realiz\u00f3 el seminario ILL n\u00ba 127 con la presentaci\u00f3n titulada \u201cMigraciones y desarrollo socioecon\u00f3mico en regiones rurales: el caso del Bierzo (Espa\u00f1a) y L&#8217;Astigiano (Italia)\u201d, presentada por Mateo N\u00fa\u00f1ez-Mart\u00ednez de la Universidade da Coru\u00f1a (UDC). Ver video a continuaci\u00f3n:<\/p>\n","protected":false},"author":2496,"featured_media":0,"comment_status":"closed","ping_status":"closed","sticky":false,"template":"","format":"standard","meta":{"footnotes":""},"categories":[4,3,8],"tags":[],"class_list":["post-5333","post","type-post","status-publish","format-standard","hentry","category-incasi-living-lab","category-news","category-video_ill"],"_links":{"self":[{"href":"https:\/\/webs.uab.cat\/incasi\/index.php?rest_route=\/wp\/v2\/posts\/5333","targetHints":{"allow":["GET"]}}],"collection":[{"href":"https:\/\/webs.uab.cat\/incasi\/index.php?rest_route=\/wp\/v2\/posts"}],"about":[{"href":"https:\/\/webs.uab.cat\/incasi\/index.php?rest_route=\/wp\/v2\/types\/post"}],"author":[{"embeddable":true,"href":"https:\/\/webs.uab.cat\/incasi\/index.php?rest_route=\/wp\/v2\/users\/2496"}],"replies":[{"embeddable":true,"href":"https:\/\/webs.uab.cat\/incasi\/index.php?rest_route=%2Fwp%2Fv2%2Fcomments&post=5333"}],"version-history":[{"count":2,"href":"https:\/\/webs.uab.cat\/incasi\/index.php?rest_route=\/wp\/v2\/posts\/5333\/revisions"}],"predecessor-version":[{"id":5345,"href":"https:\/\/webs.uab.cat\/incasi\/index.php?rest_route=\/wp\/v2\/posts\/5333\/revisions\/5345"}],"wp:attachment":[{"href":"https:\/\/webs.uab.cat\/incasi\/index.php?rest_route=%2Fwp%2Fv2%2Fmedia&parent=5333"}],"wp:term":[{"taxonomy":"category","embeddable":true,"href":"https:\/\/webs.uab.cat\/incasi\/index.php?rest_route=%2Fwp%2Fv2%2Fcategories&post=5333"},{"taxonomy":"post_tag","embeddable":true,"href":"https:\/\/webs.uab.cat\/incasi\/index.php?rest_route=%2Fwp%2Fv2%2Ftags&post=5333"}],"curies":[{"name":"wp","href":"https:\/\/api.w.org\/{rel}","templated":true}]}}