{"id":5335,"date":"2026-03-30T07:34:33","date_gmt":"2026-03-30T05:34:33","guid":{"rendered":"https:\/\/webs.uab.cat\/incasi?p=5335"},"modified":"2026-04-01T09:35:50","modified_gmt":"2026-04-01T07:35:50","slug":"video-living-lab-emanuele-ferragina-y-joan-miquel-verd-30-03-2026","status":"publish","type":"post","link":"https:\/\/webs.uab.cat\/incasi?p=5335","title":{"rendered":"Video Living Lab \u2013 Emanuele Ferragina y Joan Miquel Verd (30\/03\/2026)"},"content":{"rendered":"\n<p>El d\u00eda 30 de marzo de 2026 en la Universidad Nacional de la Plata se realiz\u00f3 el seminario ILL n\u00ba 128 con las siguientes presentaciones: 1. \u201cEfectos del desempleo sobre la sociabilidad y el aislamiento social en la poblaci\u00f3n joven. Un estudio de caso en Barcelona\u201d, realizada por Joan Miquel Verd de la Universitat Aut\u00f2noma de Barcelona (UAB). 2.- \u201cLa Evoluci\u00f3n de las Pol\u00edticas Familiares en 45 Pa\u00edses Occidentales y Latinoamericanos a lo Largo de 120 A\u00f1os: Una Interpretaci\u00f3n desde la Econom\u00eda Pol\u00edtica Global\u201d, realizada por Emanuele Ferragina, de Sciences Po (ScPo).<\/p>\n\n\n\n<p>Ver video a continuaci\u00f3n:<\/p>\n\n\n\n<figure class=\"wp-block-embed is-type-video is-provider-youtube wp-block-embed-youtube wp-embed-aspect-16-9 wp-has-aspect-ratio\"><div class=\"wp-block-embed__wrapper\">\n<iframe loading=\"lazy\" title=\"ILL n\u00ba 128 Efectos del desempleo sobre la sociabilidad y el aislamiento social en la poblaci\u00f3n joven\" width=\"580\" height=\"326\" src=\"https:\/\/www.youtube.com\/embed\/8ykin0tZqV8?feature=oembed\" frameborder=\"0\" allow=\"accelerometer; autoplay; clipboard-write; encrypted-media; gyroscope; picture-in-picture; web-share\" referrerpolicy=\"strict-origin-when-cross-origin\" allowfullscreen><\/iframe>\n<\/div><\/figure>\n","protected":false},"excerpt":{"rendered":"<p>El d\u00eda 30 de marzo de 2026 en la Universidad Nacional de la Plata se realiz\u00f3 el seminario ILL n\u00ba 128 con las siguientes presentaciones: 1. \u201cEfectos del desempleo sobre la sociabilidad y el aislamiento social en la poblaci\u00f3n joven. Un estudio de caso en Barcelona\u201d, realizada por Joan Miquel Verd de la Universitat Aut\u00f2noma [&hellip;]<\/p>\n","protected":false},"author":2496,"featured_media":0,"comment_status":"closed","ping_status":"closed","sticky":false,"template":"","format":"standard","meta":{"footnotes":""},"categories":[4,3,8],"tags":[],"class_list":["post-5335","post","type-post","status-publish","format-standard","hentry","category-incasi-living-lab","category-news","category-video_ill"],"_links":{"self":[{"href":"https:\/\/webs.uab.cat\/incasi\/index.php?rest_route=\/wp\/v2\/posts\/5335","targetHints":{"allow":["GET"]}}],"collection":[{"href":"https:\/\/webs.uab.cat\/incasi\/index.php?rest_route=\/wp\/v2\/posts"}],"about":[{"href":"https:\/\/webs.uab.cat\/incasi\/index.php?rest_route=\/wp\/v2\/types\/post"}],"author":[{"embeddable":true,"href":"https:\/\/webs.uab.cat\/incasi\/index.php?rest_route=\/wp\/v2\/users\/2496"}],"replies":[{"embeddable":true,"href":"https:\/\/webs.uab.cat\/incasi\/index.php?rest_route=%2Fwp%2Fv2%2Fcomments&post=5335"}],"version-history":[{"count":1,"href":"https:\/\/webs.uab.cat\/incasi\/index.php?rest_route=\/wp\/v2\/posts\/5335\/revisions"}],"predecessor-version":[{"id":5336,"href":"https:\/\/webs.uab.cat\/incasi\/index.php?rest_route=\/wp\/v2\/posts\/5335\/revisions\/5336"}],"wp:attachment":[{"href":"https:\/\/webs.uab.cat\/incasi\/index.php?rest_route=%2Fwp%2Fv2%2Fmedia&parent=5335"}],"wp:term":[{"taxonomy":"category","embeddable":true,"href":"https:\/\/webs.uab.cat\/incasi\/index.php?rest_route=%2Fwp%2Fv2%2Fcategories&post=5335"},{"taxonomy":"post_tag","embeddable":true,"href":"https:\/\/webs.uab.cat\/incasi\/index.php?rest_route=%2Fwp%2Fv2%2Ftags&post=5335"}],"curies":[{"name":"wp","href":"https:\/\/api.w.org\/{rel}","templated":true}]}}