{"id":243,"date":"2019-06-10T10:15:45","date_gmt":"2019-06-10T08:15:45","guid":{"rendered":"http:\/\/blogs.uab.cat\/icsc\/?p=243"},"modified":"2019-06-10T10:15:45","modified_gmt":"2019-06-10T08:15:45","slug":"definicio-i-objectius-de-la-plantilla-del-pdi","status":"publish","type":"post","link":"https:\/\/webs.uab.cat\/intersindical-csc\/2019\/06\/10\/definicio-i-objectius-de-la-plantilla-del-pdi\/","title":{"rendered":"Definici\u00f3 i Objectius de la Plantilla del PDI"},"content":{"rendered":"<div style=\"background-color: #cef6d8;color: black;padding: 2em;border: 1px solid #8E67EE;text-align: justify\">\n<p>Les necessitats del PDI contractat i funcionari estan interrelacionades. \u00c9s necess\u00e0ria una aproximaci\u00f3 global i urgent que adreci a curt i mitj\u00e0 termini l&#8217;actual precaritzaci\u00f3 laboral del PDI. Per millorar la millora de les condicions laborals i assegurar el relleu generacional cal:<\/p>\n<ul>\n<li>Garantir la promoci\u00f3 professional amb criteris transparents i proporcionals.<\/li>\n<li>Mantenir i ampliar els programes d\u2019estabilitzaci\u00f3 de professorat temporal.<\/li>\n<li>Donar suport i potenciar l&#8217;acreditaci\u00f3 del professorat, potenciant la seva promoci\u00f3.<\/li>\n<li>Incidir en la revisi\u00f3 dels criteris d\u2019acreditaci\u00f3 d\u2019acord amb les exig\u00e8ncies i mitjans docents i de recerca.<\/li>\n<li>Transformar i estabilitzar els contractes temporals i\/o a temps parcial de professorat amb qualitats i motivaci\u00f3 per realitzar una carrera acad\u00e8mica.<\/li>\n<li>Lluitar per definir categories contractuals estables que assegurin una carrera professional.<\/li>\n<li>Coordinar un front sindical per iniciar una revisi\u00f3 i transformaci\u00f3 del pla Serra-Hunter prevista pel 2020.<\/li>\n<li>Reclamar la creaci\u00f3 d&#8217;un pla de contractaci\u00f3 de PDI que permeti el relleu generacional i eviti la descapitalitzaci\u00f3 de la UAB.<\/li>\n<li>Pactar un programa de jubilacions parcials que faciliti la renovaci\u00f3 generacional alhora que preservi el coneixement i la viabilitat dels grups de recerca de la UAB.<\/li>\n<li>Organitzar mobilitzacions per tal de revertir la p\u00e8rdua de poder adquisitiu dels darrers anys.<\/li>\n<\/ul>\n<\/div>\n","protected":false},"excerpt":{"rendered":"<p>Les necessitats del PDI contractat i funcionari estan interrelacionades. \u00c9s necess\u00e0ria una aproximaci\u00f3 global i urgent que adreci a curt i mitj\u00e0 termini l&#8217;actual precaritzaci\u00f3 laboral del PDI. Per millorar la millora de les condicions laborals i assegurar el relleu generacional cal: Garantir la promoci\u00f3 professional amb criteris transparents i proporcionals. Mantenir i ampliar els [&hellip;]<\/p>\n","protected":false},"author":142,"featured_media":0,"comment_status":"open","ping_status":"open","sticky":false,"template":"","format":"standard","meta":{"footnotes":""},"categories":[10],"tags":[],"class_list":["post-243","post","type-post","status-publish","format-standard","hentry","category-programa"],"_links":{"self":[{"href":"https:\/\/webs.uab.cat\/intersindical-csc\/wp-json\/wp\/v2\/posts\/243","targetHints":{"allow":["GET"]}}],"collection":[{"href":"https:\/\/webs.uab.cat\/intersindical-csc\/wp-json\/wp\/v2\/posts"}],"about":[{"href":"https:\/\/webs.uab.cat\/intersindical-csc\/wp-json\/wp\/v2\/types\/post"}],"author":[{"embeddable":true,"href":"https:\/\/webs.uab.cat\/intersindical-csc\/wp-json\/wp\/v2\/users\/142"}],"replies":[{"embeddable":true,"href":"https:\/\/webs.uab.cat\/intersindical-csc\/wp-json\/wp\/v2\/comments?post=243"}],"version-history":[{"count":0,"href":"https:\/\/webs.uab.cat\/intersindical-csc\/wp-json\/wp\/v2\/posts\/243\/revisions"}],"wp:attachment":[{"href":"https:\/\/webs.uab.cat\/intersindical-csc\/wp-json\/wp\/v2\/media?parent=243"}],"wp:term":[{"taxonomy":"category","embeddable":true,"href":"https:\/\/webs.uab.cat\/intersindical-csc\/wp-json\/wp\/v2\/categories?post=243"},{"taxonomy":"post_tag","embeddable":true,"href":"https:\/\/webs.uab.cat\/intersindical-csc\/wp-json\/wp\/v2\/tags?post=243"}],"curies":[{"name":"wp","href":"https:\/\/api.w.org\/{rel}","templated":true}]}}