{"id":328,"date":"2019-06-28T17:59:40","date_gmt":"2019-06-28T15:59:40","guid":{"rendered":"http:\/\/blogs.uab.cat\/icsc\/?p=328"},"modified":"2019-06-28T17:59:40","modified_gmt":"2019-06-28T15:59:40","slug":"pujar-les-matricules-universitaries-es-desquerres-o-no","status":"publish","type":"post","link":"https:\/\/webs.uab.cat\/intersindical-csc\/2019\/06\/28\/pujar-les-matricules-universitaries-es-desquerres-o-no\/","title":{"rendered":"Pujar les matr\u00edcules universit\u00e0ries \u00e9s d\u2019esquerres\u2026 o no?"},"content":{"rendered":"<p><em>Queda clar, doncs, que la intenci\u00f3 \u00faltima dels ide\u00f2legs de les matr\u00edcules altes no \u00e9s altre que posar barreres l\u2019acc\u00e9s a la universitat, especialment per a les fam\u00edlies de les classes populars.<\/em><\/p>\n<p><a href=\"https:\/\/blocs.mesvilaweb.cat\/rguimera\/?p=268179\">Llegeix l&#8217;entrada<\/a> de Roger Guimer\u00e0 al seu blog.<\/p>\n","protected":false},"excerpt":{"rendered":"<p>Queda clar, doncs, que la intenci\u00f3 \u00faltima dels ide\u00f2legs de les matr\u00edcules altes no \u00e9s altre que posar barreres l\u2019acc\u00e9s a la universitat, especialment per a les fam\u00edlies de les classes populars. Llegeix l&#8217;entrada de Roger Guimer\u00e0 al seu blog.<\/p>\n","protected":false},"author":142,"featured_media":330,"comment_status":"open","ping_status":"open","sticky":false,"template":"","format":"image","meta":{"footnotes":""},"categories":[9],"tags":[],"class_list":["post-328","post","type-post","status-publish","format-image","has-post-thumbnail","hentry","category-premsa","post_format-post-format-image"],"_links":{"self":[{"href":"https:\/\/webs.uab.cat\/intersindical-csc\/wp-json\/wp\/v2\/posts\/328","targetHints":{"allow":["GET"]}}],"collection":[{"href":"https:\/\/webs.uab.cat\/intersindical-csc\/wp-json\/wp\/v2\/posts"}],"about":[{"href":"https:\/\/webs.uab.cat\/intersindical-csc\/wp-json\/wp\/v2\/types\/post"}],"author":[{"embeddable":true,"href":"https:\/\/webs.uab.cat\/intersindical-csc\/wp-json\/wp\/v2\/users\/142"}],"replies":[{"embeddable":true,"href":"https:\/\/webs.uab.cat\/intersindical-csc\/wp-json\/wp\/v2\/comments?post=328"}],"version-history":[{"count":0,"href":"https:\/\/webs.uab.cat\/intersindical-csc\/wp-json\/wp\/v2\/posts\/328\/revisions"}],"wp:featuredmedia":[{"embeddable":true,"href":"https:\/\/webs.uab.cat\/intersindical-csc\/wp-json\/wp\/v2\/media\/330"}],"wp:attachment":[{"href":"https:\/\/webs.uab.cat\/intersindical-csc\/wp-json\/wp\/v2\/media?parent=328"}],"wp:term":[{"taxonomy":"category","embeddable":true,"href":"https:\/\/webs.uab.cat\/intersindical-csc\/wp-json\/wp\/v2\/categories?post=328"},{"taxonomy":"post_tag","embeddable":true,"href":"https:\/\/webs.uab.cat\/intersindical-csc\/wp-json\/wp\/v2\/tags?post=328"}],"curies":[{"name":"wp","href":"https:\/\/api.w.org\/{rel}","templated":true}]}}