{"id":366,"date":"2019-10-17T20:27:21","date_gmt":"2019-10-17T18:27:21","guid":{"rendered":"http:\/\/blogs.uab.cat\/icsc\/?p=366"},"modified":"2019-10-17T20:27:21","modified_gmt":"2019-10-17T18:27:21","slug":"18o-vaga-pel-drets-i-les-llibertats","status":"publish","type":"post","link":"https:\/\/webs.uab.cat\/intersindical-csc\/2019\/10\/17\/18o-vaga-pel-drets-i-les-llibertats\/","title":{"rendered":"18O.  Vaga pel drets i les llibertats"},"content":{"rendered":"<p class=\"western\" align=\"justify\">Carles Sastre, secretari general de la Intersindical-CSC (I-CSC), i Assumpta Barbens, portaveu de la Intersindical Alternativa de Catalunya (IAC) han explicat aquest mat\u00ed en roda de premsa, que el 18 d\u2019octubre ambd\u00f3s sindicats convocaran una vaga general a Catalunya amb el lema \u201cPels drets i les llibertats, VAGA GENERAL\u201d.<\/p>\n<p class=\"western\" align=\"justify\">L\u2019<b>acte central<\/b>\u00a0de la vaga general ser\u00e0 la\u00a0<b>manifestaci\u00f3<\/b>\u00a0que comen\u00e7ar\u00e0 a les\u00a0<b>17 hores als Jardinets de Gr\u00e0cia de la ciutat de Barcelona<\/b>.<\/p>\n<p class=\"western\" align=\"justify\">Ambdues organitzacions sindicals han decidit unir-se en aquesta convocat\u00f2ria de vaga general en el marc de la propera campanya electoral per denunciar els drets que les treballadores i els treballadors han vist retallats en els darrers anys i exigir la seva restituci\u00f3.<\/p>\n<p class=\"western\" align=\"justify\">Entre els\u00a0<b>motius<\/b>\u00a0que han motivat la vaga cal destacar la demanda d\u2019un\u00a0<b>SMI de 1.200 euros<\/b>\u00a0que serveixi per fixar un\u00a0<b>m\u00ednim salarial digne a Catalunya<\/b>, ja que el cost de la vida hi \u00e9s car que a la resta de l\u2019Estat. En aquest sentit, tamb\u00e9 es reclama el\u00a0<b>manteniment del poder adquisitiu de salaris i pensions vinculant-les a l\u2019increment de l\u2019IPC catal\u00e0<\/b>, aix\u00ed com derogar les reformes dels anys 2011 i 2013 i el factor de sostenibilitat.<\/p>\n<p class=\"western\" align=\"justify\">En l\u2019\u00e0mbit normatiu, la principal exig\u00e8ncia \u00e9s la\u00a0<b>derogaci\u00f3 de les reformes laborals del 2010 i 2012 i la restituci\u00f3 dels drets laborals i socials dels treballadors i de les treballadores catalanes i lluitar contra la precarietat laboral<\/b>. Aix\u00ed doncs, els sindicats convocants reclamen que es doti de recursos suficients a la Inspecci\u00f3 de Treball, ja que aquesta no disposa del personal per fer-ho adequadament.<\/p>\n<p class=\"western\" align=\"justify\">Per la I-CSC i la IAC \u00e9s d\u2019especial import\u00e0ncia la\u00a0<b>lluita incondicional contra les desigualtats laborals i la bretxa salarial que pateixen les dones<\/b>, especialment tenint en compte que el Tribunal Constitucional va anul\u00b7lar els articles de la Llei d\u2019igualtat catalana destinats a lluitar contra la discriminaci\u00f3 que pateix la dona en l\u2019\u00e0mbit laboral. Creuen que cal ser implacables en la lluita contra les situacions d\u2019assetjament sexual a l\u2019\u00e0mbit laboral i les viol\u00e8ncies contra les dones.<\/p>\n<p class=\"western\" align=\"justify\">Demanen que el Govern de la Generalitat posi en marxa un\u00a0<b>Pla de Rescat Social<\/b> que entre altres q\u00fcestions garanteixi serveis p\u00fablics gratu\u00efts i universals, alimentaci\u00f3 i habitatges adequats pel conjunt de la societat. I que sense m\u00e9s dilaci\u00f3 ni excuses desenvolupi l\u2019<b>aplicaci\u00f3 integral de la Renda Garantida de Ciutadania<\/b>.<\/p>\n<p class=\"western\" align=\"justify\">Tamb\u00e9 coincideixen en l\u2019<b>aplicaci\u00f3 immediata de l\u2019acord d\u2019emerg\u00e8ncia clim\u00e0tica<\/b> amb un calendari i les mesures concretes necess\u00e0ries per a reduir al m\u00e9s r\u00e0pidament possible a zero les emissions netes de gasos d&#8217;efecte hivernacle.<\/p>\n<p class=\"western\" align=\"justify\">Aix\u00ed mateix, bona part de treballadores i treballadors pateixen pel pagament del seu habitatge, que les entitats socials implicades alerten \u00e9s la principal causa de pobresa i exclusi\u00f3 social, actualment. \u00c9s per aix\u00f2 que les organitzacions convocants consideren que cal <b>recuperar la daci\u00f3 en pagament que reclama el Parlament de Catalunya per unanimitat<\/b>, petici\u00f3 per\u00f2 que ha estat tombada per l\u2019Estat.<\/p>\n<p class=\"western\" align=\"justify\">En mat\u00e8ria de serveis p\u00fablics ambd\u00f3s sindicats reclamen al Govern de la Generalitat un pla de recuperaci\u00f3 d\u2019aquells que han estat externalitzats i privatitzats indiscriminadament, aix\u00ed com la\u00a0<b>retirada de la Llei de contractes de serveis a les persones<\/b>.<\/p>\n<p class=\"western\" align=\"justify\">Sobre els drets laborals, social i humans de les persones nouvingudes, els sindicats recorden que\u00a0<b>Catalunya \u00e9s un pa\u00eds d\u2019acollida i no volen que les persones nouvingudes siguin ciutadania de segona<\/b>, impedint que accedeixin amb igualtat a unes millors condicions de treball i vida.<\/p>\n<p class=\"western\" align=\"justify\">La I-CSC i la IAC exigeixen que aquestes demandes siguin abordades de manera urgent. Per aquest motiu, fan una crida a treballadores i treballadors, per\u00f2 tamb\u00e9 al conjunt de la societat catalana, a lluitar per a recuperar els drets i les llibertats.<\/p>\n","protected":false},"excerpt":{"rendered":"<p>Carles Sastre, secretari general de la Intersindical-CSC (I-CSC), i Assumpta Barbens, portaveu de la Intersindical Alternativa de Catalunya (IAC) han explicat aquest mat\u00ed en roda de premsa, que el 18 d\u2019octubre ambd\u00f3s sindicats convocaran una vaga general a Catalunya amb el lema \u201cPels drets i les llibertats, VAGA GENERAL\u201d. L\u2019acte central\u00a0de la vaga general ser\u00e0 [&hellip;]<\/p>\n","protected":false},"author":142,"featured_media":0,"comment_status":"open","ping_status":"open","sticky":false,"template":"","format":"standard","meta":{"footnotes":""},"categories":[1],"tags":[],"class_list":["post-366","post","type-post","status-publish","format-standard","hentry","category-general"],"_links":{"self":[{"href":"https:\/\/webs.uab.cat\/intersindical-csc\/wp-json\/wp\/v2\/posts\/366","targetHints":{"allow":["GET"]}}],"collection":[{"href":"https:\/\/webs.uab.cat\/intersindical-csc\/wp-json\/wp\/v2\/posts"}],"about":[{"href":"https:\/\/webs.uab.cat\/intersindical-csc\/wp-json\/wp\/v2\/types\/post"}],"author":[{"embeddable":true,"href":"https:\/\/webs.uab.cat\/intersindical-csc\/wp-json\/wp\/v2\/users\/142"}],"replies":[{"embeddable":true,"href":"https:\/\/webs.uab.cat\/intersindical-csc\/wp-json\/wp\/v2\/comments?post=366"}],"version-history":[{"count":0,"href":"https:\/\/webs.uab.cat\/intersindical-csc\/wp-json\/wp\/v2\/posts\/366\/revisions"}],"wp:attachment":[{"href":"https:\/\/webs.uab.cat\/intersindical-csc\/wp-json\/wp\/v2\/media?parent=366"}],"wp:term":[{"taxonomy":"category","embeddable":true,"href":"https:\/\/webs.uab.cat\/intersindical-csc\/wp-json\/wp\/v2\/categories?post=366"},{"taxonomy":"post_tag","embeddable":true,"href":"https:\/\/webs.uab.cat\/intersindical-csc\/wp-json\/wp\/v2\/tags?post=366"}],"curies":[{"name":"wp","href":"https:\/\/api.w.org\/{rel}","templated":true}]}}