{"id":626,"date":"2019-04-04T13:43:00","date_gmt":"2019-04-04T11:43:00","guid":{"rendered":"https:\/\/webs.uab.cat\/iuee\/?p=626"},"modified":"2025-01-21T13:43:21","modified_gmt":"2025-01-21T11:43:21","slug":"activitat-docent-del-master-de-integracio-europea","status":"publish","type":"post","link":"https:\/\/webs.uab.cat\/iuee\/2019\/04\/04\/activitat-docent-del-master-de-integracio-europea\/","title":{"rendered":"Activitat docent del M\u00e0ster de Integraci\u00f3 Europea"},"content":{"rendered":"\n<p class=\"wp-block-paragraph\">El passat dilluns 23 de Setembre va comen\u00e7ar l\u2019activitat docent del M\u00e0ster de Integraci\u00f3 Europea. At\u00e8s que es tractava de la primera classe, i que el tema objecte de desenvolupament era el relatiu als valors de la UE, des de l\u2019Institut d\u2019Estudis Europeus es va convidar al Dr.\u00a0 Xavier Ferrer, President del Consell Catal\u00e0 del Moviment Europeu, que expliqu\u00e9s quins son aquests valors i com s\u2019apliquen a la Uni\u00f3 Europea. La presentaci\u00f3 del Dr. Ferrer va motivar a l\u2019alumnat a participar activament en el debat que va haver-hi, plantejant preguntes i observacions que van ser molt enriquidores per a tothom.<\/p>\n\n\n<div class=\"wp-block-image\">\n<figure class=\"aligncenter size-full\"><img loading=\"lazy\" decoding=\"async\" width=\"600\" height=\"449\" src=\"https:\/\/webs.uab.cat\/iuee\/wp-content\/uploads\/sites\/618\/2025\/01\/2-23.jpg\" alt=\"\" class=\"wp-image-629\" srcset=\"https:\/\/webs.uab.cat\/iuee\/wp-content\/uploads\/sites\/618\/2025\/01\/2-23.jpg 600w, https:\/\/webs.uab.cat\/iuee\/wp-content\/uploads\/sites\/618\/2025\/01\/2-23-300x225.jpg 300w\" sizes=\"auto, (max-width: 600px) 100vw, 600px\" \/><\/figure>\n<\/div>\n\n<div class=\"wp-block-image\">\n<figure class=\"aligncenter size-full\"><img loading=\"lazy\" decoding=\"async\" width=\"600\" height=\"802\" src=\"https:\/\/webs.uab.cat\/iuee\/wp-content\/uploads\/sites\/618\/2025\/01\/3-10.jpg\" alt=\"\" class=\"wp-image-630\" srcset=\"https:\/\/webs.uab.cat\/iuee\/wp-content\/uploads\/sites\/618\/2025\/01\/3-10.jpg 600w, https:\/\/webs.uab.cat\/iuee\/wp-content\/uploads\/sites\/618\/2025\/01\/3-10-224x300.jpg 224w\" sizes=\"auto, (max-width: 600px) 100vw, 600px\" \/><\/figure>\n<\/div>","protected":false},"excerpt":{"rendered":"<p>El passat dilluns 23 de Setembre va comen\u00e7ar l\u2019activitat docent del M\u00e0ster de Integraci\u00f3 Europea. At\u00e8s que es tractava de la primera classe, i que el tema objecte de desenvolupament era el relatiu als valors de la UE, des de l\u2019Institut d\u2019Estudis Europeus es va convidar al Dr.\u00a0 Xavier Ferrer, President del Consell Catal\u00e0 del [&hellip;]<\/p>\n","protected":false},"author":1385,"featured_media":628,"comment_status":"closed","ping_status":"closed","sticky":false,"template":"","format":"standard","meta":{"footnotes":""},"categories":[1],"tags":[],"class_list":["post-626","post","type-post","status-publish","format-standard","has-post-thumbnail","hentry","category-general"],"_links":{"self":[{"href":"https:\/\/webs.uab.cat\/iuee\/wp-json\/wp\/v2\/posts\/626","targetHints":{"allow":["GET"]}}],"collection":[{"href":"https:\/\/webs.uab.cat\/iuee\/wp-json\/wp\/v2\/posts"}],"about":[{"href":"https:\/\/webs.uab.cat\/iuee\/wp-json\/wp\/v2\/types\/post"}],"author":[{"embeddable":true,"href":"https:\/\/webs.uab.cat\/iuee\/wp-json\/wp\/v2\/users\/1385"}],"replies":[{"embeddable":true,"href":"https:\/\/webs.uab.cat\/iuee\/wp-json\/wp\/v2\/comments?post=626"}],"version-history":[{"count":1,"href":"https:\/\/webs.uab.cat\/iuee\/wp-json\/wp\/v2\/posts\/626\/revisions"}],"predecessor-version":[{"id":631,"href":"https:\/\/webs.uab.cat\/iuee\/wp-json\/wp\/v2\/posts\/626\/revisions\/631"}],"wp:featuredmedia":[{"embeddable":true,"href":"https:\/\/webs.uab.cat\/iuee\/wp-json\/wp\/v2\/media\/628"}],"wp:attachment":[{"href":"https:\/\/webs.uab.cat\/iuee\/wp-json\/wp\/v2\/media?parent=626"}],"wp:term":[{"taxonomy":"category","embeddable":true,"href":"https:\/\/webs.uab.cat\/iuee\/wp-json\/wp\/v2\/categories?post=626"},{"taxonomy":"post_tag","embeddable":true,"href":"https:\/\/webs.uab.cat\/iuee\/wp-json\/wp\/v2\/tags?post=626"}],"curies":[{"name":"wp","href":"https:\/\/api.w.org\/{rel}","templated":true}]}}