{"id":547,"date":"2021-07-17T06:42:44","date_gmt":"2021-07-17T06:42:44","guid":{"rendered":"https:\/\/blogs.uab.cat\/iulialibica\/?p=547"},"modified":"2021-07-17T06:42:44","modified_gmt":"2021-07-17T06:42:44","slug":"sondejos-a-puig-castell-llivia","status":"publish","type":"post","link":"https:\/\/webs.uab.cat\/iulialibica\/2021\/07\/17\/sondejos-a-puig-castell-llivia\/","title":{"rendered":"Sondejos a Puig Castell (Ll\u00edvia)"},"content":{"rendered":"<p>Aquest any, per primer cop, hem excavat fora la zona del f\u00f2rum de <em>Iulia Libica<\/em> per tal de respondre a d\u2019altres q\u00fcestions com la possible ocupaci\u00f3 del tur\u00f3 de Puig Castell abans de la fundaci\u00f3 de la ciutat romana en \u00e8poca d\u2019August. Tant a la pr\u00f2pia excavaci\u00f3 del f\u00f2rum com en intervencions al cim del tur\u00f3, s\u2019havien documentat cer\u00e0miques ibero-ceretanes i romanes republicanes. Per aquesta ra\u00f3, hi havia la hip\u00f2tesi de l\u2019exist\u00e8ncia d\u2019un <em>oppidum<\/em> iberoceret\u00e0 o un punt de control rom\u00e0 (p.e. <em>castellum<\/em> o <em>turris<\/em>) en la part superior del tur\u00f3 de Puig Castell.<\/p>\n<p>En el maig del 2016 es va fer una prospecci\u00f3 geof\u00edsica (resistivitat RM-15D) davant de l\u2019entrada de l\u2019actual Castell en una zona plana, amb bona insolaci\u00f3 i per tant un punt probable per trobar aquest possible establiment ibero-ceret\u00e0 o rom\u00e0. Per suposat, es sabia que el tur\u00f3 va ser ocupat a partir d\u2019\u00e8poca tardoantiga (visigots) fins al segle XVII, i per tant que hi haurien d\u2019altres horitzons d\u2019ocupaci\u00f3.<\/p>\n<p>A partir dels resultats de la geof\u00edsica, es va plantejar el juliol del 2021 fer 3 sondejos de 2&#215;2 metres en les zones amb m\u00e9s anomalies \u2013 algunes d\u2019elles amb angles que podrien indicar l\u2019exist\u00e8ncia d\u2019estructures constructives. Les excavacions s\u2019han realitzat amb un equip d\u2019auxiliars de l\u2019empresa <a href=\"http:\/\/arqueolegs.cat\/es\" target=\"_blank\" rel=\"noopener\">Arque\u00f2legs.Cat<\/a> (Santiago Palacios, Aina Iba\u00f1ez, Andrea Mu\u00f1oz i Paula S\u00e0nchez).<\/p>\n<figure id=\"attachment_548\" aria-describedby=\"caption-attachment-548\" style=\"width: 545px\" class=\"wp-caption aligncenter\"><a href=\"https:\/\/webs.uab.cat\/iulialibica\/wp-content\/uploads\/sites\/91\/2021\/07\/DJI_0285.jpg\"><img loading=\"lazy\" decoding=\"async\" class=\" wp-image-548\" src=\"https:\/\/webs.uab.cat\/iulialibica\/wp-content\/uploads\/sites\/91\/2021\/07\/DJI_0285-300x168.jpg\" alt=\"Sondejos a Puig Castell\" width=\"545\" height=\"305\" srcset=\"https:\/\/webs.uab.cat\/iulialibica\/wp-content\/uploads\/sites\/91\/2021\/07\/DJI_0285-300x168.jpg 300w, https:\/\/webs.uab.cat\/iulialibica\/wp-content\/uploads\/sites\/91\/2021\/07\/DJI_0285.jpg 709w\" sizes=\"auto, (max-width: 545px) 100vw, 545px\" \/><\/a><figcaption id=\"caption-attachment-548\" class=\"wp-caption-text\">Sondejos a Puig Castell<\/figcaption><\/figure>\n<p>Els 3 sondejos s\u2019han fet a partir d\u2019un eix Nord-Sud amb una dist\u00e0ncia de 3 metres entre ells. En funci\u00f3 de la troballa d\u2019estructures d\u2019han anat ampliant al llarg dels dies, com es pot veure a la figura 1.<\/p>\n<p>Pel que fa als resultats, els 3 sondejos han proporcionat una estratigrafia complement\u00e0ria amb una primera fase moderna del segle XVII-VI, un altre estrat potent d\u2019\u00e8poca baix medieval \u2013 que en el cas del sondeig 3 mostra una gran destrucci\u00f3 de possibles murs. M\u00e9s avall, es troben restes d\u2019estructures altmedievals \u2013 potser el conjunt m\u00e9s ben conservat amb pres\u00e8ncia de murs en els sondeigs 1 i 3 amb diverses orientacions, i concretament un mur d\u2019opus spicatum (veure figura 2).<\/p>\n<figure id=\"attachment_549\" aria-describedby=\"caption-attachment-549\" style=\"width: 519px\" class=\"wp-caption aligncenter\"><a href=\"https:\/\/webs.uab.cat\/iulialibica\/wp-content\/uploads\/sites\/91\/2021\/07\/IMG_3076.jpg\"><img loading=\"lazy\" decoding=\"async\" class=\" wp-image-549\" src=\"https:\/\/webs.uab.cat\/iulialibica\/wp-content\/uploads\/sites\/91\/2021\/07\/IMG_3076-300x219.jpg\" alt=\"Sondeig 3: Opus spicatum\" width=\"519\" height=\"379\" srcset=\"https:\/\/webs.uab.cat\/iulialibica\/wp-content\/uploads\/sites\/91\/2021\/07\/IMG_3076-300x219.jpg 300w, https:\/\/webs.uab.cat\/iulialibica\/wp-content\/uploads\/sites\/91\/2021\/07\/IMG_3076.jpg 709w\" sizes=\"auto, (max-width: 519px) 100vw, 519px\" \/><\/a><figcaption id=\"caption-attachment-549\" class=\"wp-caption-text\">Sondeig 3: Opus spicatum<\/figcaption><\/figure>\n<p>Despr\u00e9s d\u2019aquest horitz\u00f3 medieval, s\u2019han trobat estrats amb materials de cronologia m\u00e9s antiga que es situarien entre els segles V-VII dC (pres\u00e8ncia de TS Clara-D) ja tocant a la roca natural, a on s\u2019ha pogut trobar un negatiu de pilar de fusta.<\/p>\n<p>Com a conclusi\u00f3 dels sondejos, no tenim cap estratigrafia que documenti en aquesta part del tur\u00f3 l\u2019exist\u00e8ncia d\u2019ocupaci\u00f3 ibero-ceretana o romana, si b\u00e9 encara queden altres llocs del tur\u00f3 per prospectar i sondejar. Per la localitzaci\u00f3 dels materials ib\u00e8rics i romans trobats anteriorment i la seva quantitat, potser les estructures associades eren de petites dimensions i en la zona del Castell \u2013 a on posteriors ocupacions haurien esborrats les restes estructurals. Seguirem en els propers anys fen estudis del tur\u00f3 a partir de prospeccions a peu, geof\u00edsiques i sondejos de comprovaci\u00f3 per tal de confirmar o desestimar qualsevol hip\u00f2tesis.<\/p>\n","protected":false},"excerpt":{"rendered":"<p>Aquest any, per primer cop, hem excavat fora la zona del f\u00f2rum de Iulia Libica per tal de respondre a d\u2019altres q\u00fcestions com la possible ocupaci\u00f3 del tur\u00f3 de Puig Castell abans de la fundaci\u00f3 de la ciutat romana en \u00e8poca d\u2019August. Tant a la pr\u00f2pia excavaci\u00f3 del f\u00f2rum com en intervencions al cim del [&hellip;]<\/p>\n","protected":false},"author":70,"featured_media":0,"comment_status":"open","ping_status":"open","sticky":false,"template":"","format":"standard","meta":{"footnotes":""},"categories":[1],"tags":[],"class_list":["post-547","post","type-post","status-publish","format-standard","hentry","category-general"],"_links":{"self":[{"href":"https:\/\/webs.uab.cat\/iulialibica\/wp-json\/wp\/v2\/posts\/547","targetHints":{"allow":["GET"]}}],"collection":[{"href":"https:\/\/webs.uab.cat\/iulialibica\/wp-json\/wp\/v2\/posts"}],"about":[{"href":"https:\/\/webs.uab.cat\/iulialibica\/wp-json\/wp\/v2\/types\/post"}],"author":[{"embeddable":true,"href":"https:\/\/webs.uab.cat\/iulialibica\/wp-json\/wp\/v2\/users\/70"}],"replies":[{"embeddable":true,"href":"https:\/\/webs.uab.cat\/iulialibica\/wp-json\/wp\/v2\/comments?post=547"}],"version-history":[{"count":0,"href":"https:\/\/webs.uab.cat\/iulialibica\/wp-json\/wp\/v2\/posts\/547\/revisions"}],"wp:attachment":[{"href":"https:\/\/webs.uab.cat\/iulialibica\/wp-json\/wp\/v2\/media?parent=547"}],"wp:term":[{"taxonomy":"category","embeddable":true,"href":"https:\/\/webs.uab.cat\/iulialibica\/wp-json\/wp\/v2\/categories?post=547"},{"taxonomy":"post_tag","embeddable":true,"href":"https:\/\/webs.uab.cat\/iulialibica\/wp-json\/wp\/v2\/tags?post=547"}],"curies":[{"name":"wp","href":"https:\/\/api.w.org\/{rel}","templated":true}]}}