{"id":721,"date":"2023-10-11T13:48:59","date_gmt":"2023-10-11T11:48:59","guid":{"rendered":"https:\/\/webs.uab.cat\/iulialibica\/?p=721"},"modified":"2023-10-11T18:26:42","modified_gmt":"2023-10-11T16:26:42","slug":"final-de-la-campanya-del-2023","status":"publish","type":"post","link":"https:\/\/webs.uab.cat\/iulialibica\/2023\/10\/11\/final-de-la-campanya-del-2023\/","title":{"rendered":"Final de la campanya del 2023"},"content":{"rendered":"\n<p class=\"wp-block-paragraph\">La campanya de Iulia Libica ha finalitzat aquest octubre, i \u00e9s el moment d\u2019explicar les feines desenvolupades en els darrers mesos. S\u2019ha intervingut en els 3 sectors centrals (Q1, Q2 i Q3 \u2013 de nord a sud), que eren els testimonis que es conservaven perqu\u00e8 en ells es trobaven els serveis de llum, aigua i gas. Un cop traslladats definitivament l\u2019any 2022, quedaven pendents de completar la seva excavaci\u00f3.<\/p>\n\n\n\n<figure class=\"wp-block-image size-full\"><img loading=\"lazy\" decoding=\"async\" width=\"709\" height=\"472\" src=\"https:\/\/webs.uab.cat\/iulialibica\/wp-content\/uploads\/sites\/91\/2023\/10\/IMG_3313-1.jpg\" alt=\"\" class=\"wp-image-725\" srcset=\"https:\/\/webs.uab.cat\/iulialibica\/wp-content\/uploads\/sites\/91\/2023\/10\/IMG_3313-1.jpg 709w, https:\/\/webs.uab.cat\/iulialibica\/wp-content\/uploads\/sites\/91\/2023\/10\/IMG_3313-1-300x200.jpg 300w\" sizes=\"auto, (max-width: 709px) 100vw, 709px\" \/><figcaption class=\"wp-element-caption\">Figura 1: Perfil dels estrats tardonantics de la Q<\/figcaption><\/figure>\n\n\n\n<p class=\"wp-block-paragraph\">El Q1 que \u00e9s l\u2019\u00e0mbit nord que limita amb el mur septentrional del f\u00f2rum \u00e9s el que m\u00e9s estratigrafia presenta. Comen\u00e7a amb un estrat tardonantic que cobreix els tres \u00e0mbits de nord a sud, i ens permet connectar totes les estratigrafies. L\u2019estrat t\u00e9 una gran pot\u00e8ncia i es completa amb d\u2019altres que segurament s\u00f3n esllavissades produ\u00efdes per la pr\u00f2pia pendent de la part baixa de la muntanya. En la part surt de sector, es troba el mur de tancament de l\u2019\u00e0mbit, i connecta amb el sector Q2. En aquesta part del mur sembla possible l\u2019exist\u00e8ncia d\u2019una porta delimitada per granits, destru\u00efts en \u00e8poca tarrdoantiga. El mur no est\u00e0 completament excavat, per la qual cosa sembla una hip\u00f2tesi plausible que s\u2019ha de confirmar. Sigui com sigui, aquesta habitaci\u00f3 2 esdev\u00e9 ara l\u2019espai m\u00e9s gran conegut al f\u00f2rum, i potser amb una funci\u00f3 de curia o sala de reuni\u00f3, que posteriorment es compartimenta.<\/p>\n\n\n\n<figure class=\"wp-block-image size-full\"><img loading=\"lazy\" decoding=\"async\" width=\"960\" height=\"540\" src=\"https:\/\/webs.uab.cat\/iulialibica\/wp-content\/uploads\/sites\/91\/2023\/10\/DJI_0967.jpg\" alt=\"\" class=\"wp-image-728\" srcset=\"https:\/\/webs.uab.cat\/iulialibica\/wp-content\/uploads\/sites\/91\/2023\/10\/DJI_0967.jpg 960w, https:\/\/webs.uab.cat\/iulialibica\/wp-content\/uploads\/sites\/91\/2023\/10\/DJI_0967-300x169.jpg 300w, https:\/\/webs.uab.cat\/iulialibica\/wp-content\/uploads\/sites\/91\/2023\/10\/DJI_0967-768x432.jpg 768w\" sizes=\"auto, (max-width: 960px) 100vw, 960px\" \/><figcaption class=\"wp-element-caption\">Figura 2: Visi\u00f3 de la Q2 amb el mur superior a on es troba la porta a l&#8217;habitaci\u00f3 2<\/figcaption><\/figure>\n\n\n\n<p class=\"wp-block-paragraph\">En el cas del Q2 tamb\u00e9 s\u2019han estat rebaixant els estrats de rebliment tardoantics, d\u2019on s\u2019ha recuperat una s\u00edliqua de plata de Constanci II (337-361 dC)(UE 824) i un fragment de marbre amb uns dits del peu. S\u2019ha arribat a nivells de la segona fase (finals II dC-principis del III dC). Pel que fa al mur nord que comunica amb l\u2019habitaci\u00f3 2, sabem que es tapia la porta en un moment que encara resulta dif\u00edcil de precisar, per\u00f2 sembla que sigui la fase 3 (V-VII dC). Encara que resten estrats per excavar, s\u2019ha decidit de posar graves vermelles en aquest sector, per tal de preservar-lo i facilitar la comprensi\u00f3 per part dels visitants.<\/p>\n\n\n\n<figure class=\"wp-block-image size-large is-resized\"><img loading=\"lazy\" decoding=\"async\" src=\"https:\/\/webs.uab.cat\/iulialibica\/wp-content\/uploads\/sites\/91\/2023\/10\/IMG-20230919-WA0011-1024x768.jpg\" alt=\"\" class=\"wp-image-731\" width=\"700\" height=\"525\" srcset=\"https:\/\/webs.uab.cat\/iulialibica\/wp-content\/uploads\/sites\/91\/2023\/10\/IMG-20230919-WA0011-1024x768.jpg 1024w, https:\/\/webs.uab.cat\/iulialibica\/wp-content\/uploads\/sites\/91\/2023\/10\/IMG-20230919-WA0011-300x225.jpg 300w, https:\/\/webs.uab.cat\/iulialibica\/wp-content\/uploads\/sites\/91\/2023\/10\/IMG-20230919-WA0011-768x576.jpg 768w, https:\/\/webs.uab.cat\/iulialibica\/wp-content\/uploads\/sites\/91\/2023\/10\/IMG-20230919-WA0011-1536x1152.jpg 1536w, https:\/\/webs.uab.cat\/iulialibica\/wp-content\/uploads\/sites\/91\/2023\/10\/IMG-20230919-WA0011-1200x900.jpg 1200w, https:\/\/webs.uab.cat\/iulialibica\/wp-content\/uploads\/sites\/91\/2023\/10\/IMG-20230919-WA0011-1980x1485.jpg 1980w, https:\/\/webs.uab.cat\/iulialibica\/wp-content\/uploads\/sites\/91\/2023\/10\/IMG-20230919-WA0011.jpg 2048w\" sizes=\"auto, (max-width: 700px) 100vw, 700px\" \/><figcaption class=\"wp-element-caption\">Figura 3: Graves vermelles cobrint la Q2 al final de la campanya<\/figcaption><\/figure>\n\n\n\n<p class=\"wp-block-paragraph\">El Q3 que correspon a l\u2019espai ocupat per la pla\u00e7a del f\u00f2rum, a un nivell inferior del p\u00f2dium, ha sigut l\u2019espai amb m\u00e9s novetats. D\u2019una banda, s\u2019han excavat els diversos nivells d\u2019abocament, sobretot tardoantics, que reomplen tota la pla\u00e7a fins arribar a la cota del p\u00f2dium. Per sota, s\u2019ha trobat un nivell d\u2019incendi, semblant a la Q2, i per sobre un nivell d\u2019\u00fas, que situar\u00edem a la fase 2, i que es troba nom\u00e9s una mica per sobre del nivell de la pla\u00e7a original. En aquest nivell s\u2019han trobat un bon nombre de monedes, per\u00f2 de cronologies republicanes i del segle I dC.<\/p>\n\n\n\n<figure class=\"wp-block-image size-full\"><img loading=\"lazy\" decoding=\"async\" width=\"1000\" height=\"563\" src=\"https:\/\/webs.uab.cat\/iulialibica\/wp-content\/uploads\/sites\/91\/2023\/10\/DJI_0964.jpg\" alt=\"\" class=\"wp-image-732\" srcset=\"https:\/\/webs.uab.cat\/iulialibica\/wp-content\/uploads\/sites\/91\/2023\/10\/DJI_0964.jpg 1000w, https:\/\/webs.uab.cat\/iulialibica\/wp-content\/uploads\/sites\/91\/2023\/10\/DJI_0964-300x169.jpg 300w, https:\/\/webs.uab.cat\/iulialibica\/wp-content\/uploads\/sites\/91\/2023\/10\/DJI_0964-768x432.jpg 768w\" sizes=\"auto, (max-width: 1000px) 100vw, 1000px\" \/><figcaption class=\"wp-element-caption\">Figura 4: Espai de la Q3 amb la plataforma que connecta la pronaos del temple i el podi<\/figcaption><\/figure>\n\n\n\n<p class=\"wp-block-paragraph\">Pel que fa al nivell original s\u2019ha trobat en una superf\u00edcie de graves amb la seva preparaci\u00f3 que es neteja f\u00e0cilment, i que per ara no t\u00e9 cap signe d\u2019estar empedrat. Aquesta cota ens permetr\u00e0 ara relacionar tots els elements arquitect\u00f2nics del f\u00f2rum i els seus respectius nivells.<\/p>\n\n\n\n<p class=\"wp-block-paragraph\">Per \u00faltim, ens ha quedat un darrer interrogant que \u00e9s la posici\u00f3 de l\u2019escala lateral que permet accedir a la pronaos del temple i tamb\u00e9 al f\u00f2rum. Inicialment s\u2019havia trobat un element recobert amb estuc que semblava identificar l\u2019escala per\u00f2 ens genera molts dubtes. Esperem esbrinar-lo en properes campanyes.<\/p>\n\n\n\n<figure class=\"wp-block-image size-large\"><img loading=\"lazy\" decoding=\"async\" width=\"1024\" height=\"683\" src=\"https:\/\/webs.uab.cat\/iulialibica\/wp-content\/uploads\/sites\/91\/2023\/10\/IMG_3236-1024x683.jpg\" alt=\"\" class=\"wp-image-733\" srcset=\"https:\/\/webs.uab.cat\/iulialibica\/wp-content\/uploads\/sites\/91\/2023\/10\/IMG_3236-1024x683.jpg 1024w, https:\/\/webs.uab.cat\/iulialibica\/wp-content\/uploads\/sites\/91\/2023\/10\/IMG_3236-300x200.jpg 300w, https:\/\/webs.uab.cat\/iulialibica\/wp-content\/uploads\/sites\/91\/2023\/10\/IMG_3236-768x512.jpg 768w, https:\/\/webs.uab.cat\/iulialibica\/wp-content\/uploads\/sites\/91\/2023\/10\/IMG_3236-1200x800.jpg 1200w, https:\/\/webs.uab.cat\/iulialibica\/wp-content\/uploads\/sites\/91\/2023\/10\/IMG_3236.jpg 1500w\" sizes=\"auto, (max-width: 1024px) 100vw, 1024px\" \/><figcaption class=\"wp-element-caption\">Figura 5: Restes d&#8217;estuc d&#8217;una possible estructura adossada a la plataforma<\/figcaption><\/figure>\n","protected":false},"excerpt":{"rendered":"<p>La campanya de Iulia Libica ha finalitzat aquest octubre, i \u00e9s el moment d\u2019explicar les feines desenvolupades en els darrers mesos. S\u2019ha intervingut en els 3 sectors centrals (Q1, Q2 i Q3 \u2013 de nord a sud), que eren els testimonis que es conservaven perqu\u00e8 en ells es trobaven els serveis de llum, aigua i [&hellip;]<\/p>\n","protected":false},"author":70,"featured_media":0,"comment_status":"closed","ping_status":"closed","sticky":false,"template":"","format":"standard","meta":{"footnotes":""},"categories":[1],"tags":[],"class_list":["post-721","post","type-post","status-publish","format-standard","hentry","category-general"],"_links":{"self":[{"href":"https:\/\/webs.uab.cat\/iulialibica\/wp-json\/wp\/v2\/posts\/721","targetHints":{"allow":["GET"]}}],"collection":[{"href":"https:\/\/webs.uab.cat\/iulialibica\/wp-json\/wp\/v2\/posts"}],"about":[{"href":"https:\/\/webs.uab.cat\/iulialibica\/wp-json\/wp\/v2\/types\/post"}],"author":[{"embeddable":true,"href":"https:\/\/webs.uab.cat\/iulialibica\/wp-json\/wp\/v2\/users\/70"}],"replies":[{"embeddable":true,"href":"https:\/\/webs.uab.cat\/iulialibica\/wp-json\/wp\/v2\/comments?post=721"}],"version-history":[{"count":5,"href":"https:\/\/webs.uab.cat\/iulialibica\/wp-json\/wp\/v2\/posts\/721\/revisions"}],"predecessor-version":[{"id":734,"href":"https:\/\/webs.uab.cat\/iulialibica\/wp-json\/wp\/v2\/posts\/721\/revisions\/734"}],"wp:attachment":[{"href":"https:\/\/webs.uab.cat\/iulialibica\/wp-json\/wp\/v2\/media?parent=721"}],"wp:term":[{"taxonomy":"category","embeddable":true,"href":"https:\/\/webs.uab.cat\/iulialibica\/wp-json\/wp\/v2\/categories?post=721"},{"taxonomy":"post_tag","embeddable":true,"href":"https:\/\/webs.uab.cat\/iulialibica\/wp-json\/wp\/v2\/tags?post=721"}],"curies":[{"name":"wp","href":"https:\/\/api.w.org\/{rel}","templated":true}]}}