{"id":102,"date":"2011-12-28T02:42:32","date_gmt":"2011-12-28T02:42:32","guid":{"rendered":"http:\/\/jordidomenechportfolio.wordpress.com\/?p=102"},"modified":"2011-12-28T02:42:32","modified_gmt":"2011-12-28T02:42:32","slug":"towards-the-educational-use-of-virtual-museums","status":"publish","type":"post","link":"https:\/\/webs.uab.cat\/jordidomenech\/2011\/12\/28\/towards-the-educational-use-of-virtual-museums\/","title":{"rendered":"Towards the educational use of Virtual Museums"},"content":{"rendered":"<p>EDULEARN \u00e9s un congr\u00e9s internacional sobre noves tecnologies en educaci\u00f3 al que he presentat una comunicaci\u00f3 sobre les vies de transformaci\u00f3 d&#8217;una eina divulgativa com els museus virtuals en una eina did\u00e0ctica.<\/p>\n<p>[slideshare id=8545889&amp;doc=jdomenechvmes2011-110708125115-phpapp02]<\/p>\n<p>La cita completa:\u00a0 <a href=\"http:\/\/library.iated.org\/view\/DOMENECHCASAL2011TOW\" target=\"_blank\" rel=\"noopener\"><em>Towards the educational use of Virtual Museums<\/em><\/a>. In: L. G\u00f3mez Chova, D. Mart\u00ed Belenguer, A. L\u00f3pez Mart\u00ednez. <strong>EDULEARN11 Proceedings<\/strong> (2011). International Association of Technology, Education and Development (IATED). Jordi Dom\u00e8nech. ISBN: 978-84-615-0441-1<\/p>\n","protected":false},"excerpt":{"rendered":"<p>EDULEARN \u00e9s un congr\u00e9s internacional sobre noves tecnologies en educaci\u00f3 al que he presentat una comunicaci\u00f3 sobre les vies de transformaci\u00f3 d&#8217;una eina divulgativa com els museus virtuals en una eina did\u00e0ctica. [slideshare id=8545889&amp;doc=jdomenechvmes2011-110708125115-phpapp02] La cita completa:\u00a0 Towards the educational use of Virtual Museums. In: L. G\u00f3mez Chova, D. Mart\u00ed Belenguer, A. L\u00f3pez Mart\u00ednez. EDULEARN11 [&hellip;]<\/p>\n","protected":false},"author":2840,"featured_media":2841,"comment_status":"closed","ping_status":"open","sticky":false,"template":"","format":"standard","meta":{"footnotes":""},"categories":[152],"tags":[158,172,175,179,185],"class_list":["post-102","post","type-post","status-publish","format-standard","has-post-thumbnail","hentry","category-uncategorized","tag-congressos","tag-mediateca","tag-museus-virtuals","tag-publicacions-didactica","tag-tic"],"_links":{"self":[{"href":"https:\/\/webs.uab.cat\/jordidomenech\/wp-json\/wp\/v2\/posts\/102","targetHints":{"allow":["GET"]}}],"collection":[{"href":"https:\/\/webs.uab.cat\/jordidomenech\/wp-json\/wp\/v2\/posts"}],"about":[{"href":"https:\/\/webs.uab.cat\/jordidomenech\/wp-json\/wp\/v2\/types\/post"}],"author":[{"embeddable":true,"href":"https:\/\/webs.uab.cat\/jordidomenech\/wp-json\/wp\/v2\/users\/2840"}],"replies":[{"embeddable":true,"href":"https:\/\/webs.uab.cat\/jordidomenech\/wp-json\/wp\/v2\/comments?post=102"}],"version-history":[{"count":0,"href":"https:\/\/webs.uab.cat\/jordidomenech\/wp-json\/wp\/v2\/posts\/102\/revisions"}],"wp:featuredmedia":[{"embeddable":true,"href":"https:\/\/webs.uab.cat\/jordidomenech\/wp-json\/wp\/v2\/media\/2841"}],"wp:attachment":[{"href":"https:\/\/webs.uab.cat\/jordidomenech\/wp-json\/wp\/v2\/media?parent=102"}],"wp:term":[{"taxonomy":"category","embeddable":true,"href":"https:\/\/webs.uab.cat\/jordidomenech\/wp-json\/wp\/v2\/categories?post=102"},{"taxonomy":"post_tag","embeddable":true,"href":"https:\/\/webs.uab.cat\/jordidomenech\/wp-json\/wp\/v2\/tags?post=102"}],"curies":[{"name":"wp","href":"https:\/\/api.w.org\/{rel}","templated":true}]}}