{"id":1026,"date":"2014-04-09T17:22:56","date_gmt":"2014-04-09T17:22:56","guid":{"rendered":"http:\/\/jordidomenechportfolio.wordpress.com\/?p=1026"},"modified":"2014-04-09T17:22:56","modified_gmt":"2014-04-09T17:22:56","slug":"projecte-c3-un-marc-linguistic-per-a-la-indagacio","status":"publish","type":"post","link":"https:\/\/webs.uab.cat\/jordidomenech\/2014\/04\/09\/projecte-c3-un-marc-linguistic-per-a-la-indagacio\/","title":{"rendered":"Projecte C3: un marc ling\u00fc\u00edstic per a la indagaci\u00f3"},"content":{"rendered":"<p><a href=\"https:\/\/webs.uab.cat\/jordidomenech\/wp-content\/uploads\/sites\/524\/2014\/04\/simposi.gif\"><img loading=\"lazy\" decoding=\"async\" class=\"alignleft size-full wp-image-1027\" src=\"https:\/\/webs.uab.cat\/jordidomenech\/wp-content\/uploads\/sites\/524\/2014\/04\/simposi.gif\" alt=\"simposi\" width=\"110\" height=\"110\"><\/a><em>Projecte C3: construint un marc ling\u00fc\u00edstic per a la indagaci\u00f3 al laboratori<\/em>. IV Simposi Internacional sobre l&#8217;Ensenyament del Catal\u00e0 (abril 2014) J. Dom\u00e8nech.<\/p>\n<p>DESC\u00c0RREGA DE L&#8217;ARTICLE COMPLET EN OBERT: <a href=\"https:\/\/app.box.com\/s\/4f3bqob78c3nfsbpy4j4qfz94h6x2j41\" target=\"_blank\" rel=\"noopener noreferrer\">https:\/\/app.box.com\/s\/4f3bqob78c3nfsbpy4j4qfz94h6x2j41<\/a><\/p>\n<p>En aquesta comunicaci\u00f3 es descriu la via cognitivo-ling\u00fc\u00edstica que proposa el projecte C3 per a l&#8217;ensenyament de les Ci\u00e8ncies. Mitjan\u00e7ant l&#8217;\u00fas de bastides did\u00e0ctiques i el treball amb els aspectes ling\u00fc\u00edstics dels g\u00e8neres discursius cient\u00edfics (els articles cient\u00edfics, els p\u00f2sters i congressos cient\u00edfics, &#8230;) es treballen les habilitats de raonament cient\u00edfic (el disseny d&#8217;experiments, l&#8217;an\u00e0lisi de dades, l&#8217;elaboraci\u00f3 d&#8217;hip\u00f2tesis&#8230;.).<\/p>\n<p>La comunicaci\u00f3, realitzada al <a href=\"http:\/\/mon.uvic.cat\/siec2014\/\" target=\"_blank\" rel=\"noopener noreferrer\">IV Simposi Internacional sobre l&#8217;Ensenyament del Catal\u00e0<\/a>, \u00e9s disponible al <a href=\"http:\/\/mon.uvic.cat\/siec2014\/files\/2014\/02\/LLIBRET-DE-COMUNICACIONS-IV-SIMPOSI.pdf\" target=\"_blank\" rel=\"noopener noreferrer\">llibre de comunicacions<\/a> del simposi.<\/p>\n<p>Els recursos que s&#8217;hi descriuen s\u00f3n disponibles a la <a href=\"https:\/\/sites.google.com\/a\/xtec.cat\/c3\/home\" target=\"_blank\" rel=\"noopener noreferrer\">web del projecte C3<\/a>.<br \/>\n[slideshare id=33331389&amp;sc=no]<\/p>\n<p>&nbsp;<\/p>\n","protected":false},"excerpt":{"rendered":"<p>Projecte C3: construint un marc ling\u00fc\u00edstic per a la indagaci\u00f3 al laboratori. IV Simposi Internacional sobre l&#8217;Ensenyament del Catal\u00e0 (abril 2014) J. Dom\u00e8nech. DESC\u00c0RREGA DE L&#8217;ARTICLE COMPLET EN OBERT: https:\/\/app.box.com\/s\/4f3bqob78c3nfsbpy4j4qfz94h6x2j41 En aquesta comunicaci\u00f3 es descriu la via cognitivo-ling\u00fc\u00edstica que proposa el projecte C3 per a l&#8217;ensenyament de les Ci\u00e8ncies. Mitjan\u00e7ant l&#8217;\u00fas de bastides did\u00e0ctiques i [&hellip;]<\/p>\n","protected":false},"author":2840,"featured_media":1027,"comment_status":"closed","ping_status":"open","sticky":false,"template":"","format":"standard","meta":{"footnotes":""},"categories":[152],"tags":[154,158,97,168,179,142],"class_list":["post-1026","post","type-post","status-publish","format-standard","has-post-thumbnail","hentry","category-uncategorized","tag-c3","tag-congressos","tag-laboratori","tag-llegir-escriure","tag-publicacions-didactica","tag-tilc"],"_links":{"self":[{"href":"https:\/\/webs.uab.cat\/jordidomenech\/wp-json\/wp\/v2\/posts\/1026","targetHints":{"allow":["GET"]}}],"collection":[{"href":"https:\/\/webs.uab.cat\/jordidomenech\/wp-json\/wp\/v2\/posts"}],"about":[{"href":"https:\/\/webs.uab.cat\/jordidomenech\/wp-json\/wp\/v2\/types\/post"}],"author":[{"embeddable":true,"href":"https:\/\/webs.uab.cat\/jordidomenech\/wp-json\/wp\/v2\/users\/2840"}],"replies":[{"embeddable":true,"href":"https:\/\/webs.uab.cat\/jordidomenech\/wp-json\/wp\/v2\/comments?post=1026"}],"version-history":[{"count":0,"href":"https:\/\/webs.uab.cat\/jordidomenech\/wp-json\/wp\/v2\/posts\/1026\/revisions"}],"wp:featuredmedia":[{"embeddable":true,"href":"https:\/\/webs.uab.cat\/jordidomenech\/wp-json\/wp\/v2\/media\/1027"}],"wp:attachment":[{"href":"https:\/\/webs.uab.cat\/jordidomenech\/wp-json\/wp\/v2\/media?parent=1026"}],"wp:term":[{"taxonomy":"category","embeddable":true,"href":"https:\/\/webs.uab.cat\/jordidomenech\/wp-json\/wp\/v2\/categories?post=1026"},{"taxonomy":"post_tag","embeddable":true,"href":"https:\/\/webs.uab.cat\/jordidomenech\/wp-json\/wp\/v2\/tags?post=1026"}],"curies":[{"name":"wp","href":"https:\/\/api.w.org\/{rel}","templated":true}]}}