{"id":118,"date":"2010-06-28T17:16:51","date_gmt":"2010-06-28T17:16:51","guid":{"rendered":"http:\/\/blogcienciesnaturals.wordpress.com\/?p=118"},"modified":"2010-06-28T17:16:51","modified_gmt":"2010-06-28T17:16:51","slug":"practic-geodinamica-interna-1-tectonica-de-plaques-i-terratremols","status":"publish","type":"post","link":"https:\/\/webs.uab.cat\/jordidomenech\/2010\/06\/28\/practic-geodinamica-interna-1-tectonica-de-plaques-i-terratremols\/","title":{"rendered":"Pr\u00e0ctica Geodin\u00e0mica Interna 1: tect\u00f2nica de plaques i terratr\u00e8mols"},"content":{"rendered":"<p><img loading=\"lazy\" decoding=\"async\" class=\"alignleft\" src=\"http:\/\/www.valgavg.edu.ee\/video\/video.png\" alt=\"\" width=\"291\" height=\"213\" \/>En aquesta pr\u00e0ctica veurem un v\u00eddeo sobre la tect\u00f2nica de plaques, i respondrem algunes preguntes amb l&#8217;ajut d&#8217;una not\u00edcia del diari.<\/p>\n<p><a href=\"https:\/\/webs.uab.cat\/jordidomenech\/wp-content\/uploads\/sites\/524\/2010\/06\/geodinamica-interna-1-tectonica-vid.doc\">Geodin\u00e0mica interna 1 Tect\u00f2nica VID<\/a><\/p>\n","protected":false},"excerpt":{"rendered":"<p>En aquesta pr\u00e0ctica veurem un v\u00eddeo sobre la tect\u00f2nica de plaques, i respondrem algunes preguntes amb l&#8217;ajut d&#8217;una not\u00edcia del diari. Geodin\u00e0mica interna 1 Tect\u00f2nica VID<\/p>\n","protected":false},"author":2840,"featured_media":0,"comment_status":"closed","ping_status":"open","sticky":false,"template":"","format":"standard","meta":{"footnotes":""},"categories":[16],"tags":[121,147],"class_list":["post-118","post","type-post","status-publish","format-standard","hentry","category-geologia","tag-practiques","tag-videos"],"_links":{"self":[{"href":"https:\/\/webs.uab.cat\/jordidomenech\/wp-json\/wp\/v2\/posts\/118","targetHints":{"allow":["GET"]}}],"collection":[{"href":"https:\/\/webs.uab.cat\/jordidomenech\/wp-json\/wp\/v2\/posts"}],"about":[{"href":"https:\/\/webs.uab.cat\/jordidomenech\/wp-json\/wp\/v2\/types\/post"}],"author":[{"embeddable":true,"href":"https:\/\/webs.uab.cat\/jordidomenech\/wp-json\/wp\/v2\/users\/2840"}],"replies":[{"embeddable":true,"href":"https:\/\/webs.uab.cat\/jordidomenech\/wp-json\/wp\/v2\/comments?post=118"}],"version-history":[{"count":0,"href":"https:\/\/webs.uab.cat\/jordidomenech\/wp-json\/wp\/v2\/posts\/118\/revisions"}],"wp:attachment":[{"href":"https:\/\/webs.uab.cat\/jordidomenech\/wp-json\/wp\/v2\/media?parent=118"}],"wp:term":[{"taxonomy":"category","embeddable":true,"href":"https:\/\/webs.uab.cat\/jordidomenech\/wp-json\/wp\/v2\/categories?post=118"},{"taxonomy":"post_tag","embeddable":true,"href":"https:\/\/webs.uab.cat\/jordidomenech\/wp-json\/wp\/v2\/tags?post=118"}],"curies":[{"name":"wp","href":"https:\/\/api.w.org\/{rel}","templated":true}]}}