{"id":1581,"date":"2015-04-30T07:56:54","date_gmt":"2015-04-30T07:56:54","guid":{"rendered":"https:\/\/blogcienciesnaturals.wordpress.com\/?p=1581"},"modified":"2015-04-30T07:56:54","modified_gmt":"2015-04-30T07:56:54","slug":"bastida-texttest-per-a-la-lectura-critica-de-textos","status":"publish","type":"post","link":"https:\/\/webs.uab.cat\/jordidomenech\/2015\/04\/30\/bastida-texttest-per-a-la-lectura-critica-de-textos\/","title":{"rendered":"Bastida TextTest per a la lectura cr\u00edtica de textos"},"content":{"rendered":"<p><img loading=\"lazy\" decoding=\"async\" class=\"alignleft\" src=\"https:\/\/i1.wp.com\/cdn.business2community.com\/wp-content\/uploads\/2014\/05\/blog-post-checklist.jpg\" alt=\"\" width=\"279\" height=\"238\" \/>Bastida constru\u00efda a partir de bastides precedents (en particular el Test Cr\u00edtic)*\u00a0 incloent tamb\u00e9 una revisi\u00f3 del l\u00e8xic clau i enfocant els diferents apartats de lectura cr\u00edtica a preguntes clau en periodisme (<strong><em>Qu\u00e8, Qui, Com, Perqu\u00e8<\/em><\/strong>), per fer un lligam amb el discurs ling\u00fc\u00edstic de les mat\u00e8ries de llengua.<\/p>\n<p>La bastida s&#8217;ha desenvolupat per ajudar a llegir articles period\u00edstics en el marc de les activitats WG (lectura+debat+assaig),\u00a0 i s&#8217;ofereix a la p\u00e0gina web del Projecte C3.<\/p>\n<p>Descarregar la bastida:<\/p>\n<ul>\n<li><a href=\"https:\/\/app.box.com\/s\/0sv4o8d0mki6vhol8lcum2n2jq1yut02\" target=\"_blank\" rel=\"nofollow noopener\">Text Test-WG<\/a>, q\u00fcestionari cr\u00edtic+l\u00e8xic.\u00a0 <b><\/b><\/li>\n<\/ul>\n<p>Descarregar activitats WG:<\/p>\n<ul>\n<li><a href=\"https:\/\/sites.google.com\/a\/xtec.cat\/c3\/argumentacio-cientifica\" target=\"_blank\" rel=\"noopener\">Argumentaci\u00f3 cient\u00edfica i assaig, Projecte C3<\/a>.<\/li>\n<\/ul>\n<p style=\"text-align:right\">*El test CRITIC:\u00a0<span class=\"tx\"> Prat, A., M\u00e1rquez, C., Marb\u00e0, A. (2008).\u00a0<\/span><span class=\"tx\">Literacitat cient\u00edfica i lectura<\/span><span class=\"tx\">.\u00a0<\/span><em><span class=\"tx f87\">Temps d\u2019Educaci\u00f3<\/span><\/em><span class=\"tx\">, 34.<\/span><\/p>\n","protected":false},"excerpt":{"rendered":"<p>Bastida constru\u00efda a partir de bastides precedents (en particular el Test Cr\u00edtic)*\u00a0 incloent tamb\u00e9 una revisi\u00f3 del l\u00e8xic clau i enfocant els diferents apartats de lectura cr\u00edtica a preguntes clau en periodisme (Qu\u00e8, Qui, Com, Perqu\u00e8), per fer un lligam amb el discurs ling\u00fc\u00edstic de les mat\u00e8ries de llengua. La bastida s&#8217;ha desenvolupat per ajudar [&hellip;]<\/p>\n","protected":false},"author":2840,"featured_media":0,"comment_status":"open","ping_status":"open","sticky":false,"template":"","format":"standard","meta":{"footnotes":""},"categories":[1],"tags":[38,102,117,139],"class_list":["post-1581","post","type-post","status-publish","format-standard","hentry","category-general","tag-autoregulacio-i-autoavaluacio","tag-llegiriescriure","tag-plantilles","tag-scaffolds"],"_links":{"self":[{"href":"https:\/\/webs.uab.cat\/jordidomenech\/wp-json\/wp\/v2\/posts\/1581","targetHints":{"allow":["GET"]}}],"collection":[{"href":"https:\/\/webs.uab.cat\/jordidomenech\/wp-json\/wp\/v2\/posts"}],"about":[{"href":"https:\/\/webs.uab.cat\/jordidomenech\/wp-json\/wp\/v2\/types\/post"}],"author":[{"embeddable":true,"href":"https:\/\/webs.uab.cat\/jordidomenech\/wp-json\/wp\/v2\/users\/2840"}],"replies":[{"embeddable":true,"href":"https:\/\/webs.uab.cat\/jordidomenech\/wp-json\/wp\/v2\/comments?post=1581"}],"version-history":[{"count":0,"href":"https:\/\/webs.uab.cat\/jordidomenech\/wp-json\/wp\/v2\/posts\/1581\/revisions"}],"wp:attachment":[{"href":"https:\/\/webs.uab.cat\/jordidomenech\/wp-json\/wp\/v2\/media?parent=1581"}],"wp:term":[{"taxonomy":"category","embeddable":true,"href":"https:\/\/webs.uab.cat\/jordidomenech\/wp-json\/wp\/v2\/categories?post=1581"},{"taxonomy":"post_tag","embeddable":true,"href":"https:\/\/webs.uab.cat\/jordidomenech\/wp-json\/wp\/v2\/tags?post=1581"}],"curies":[{"name":"wp","href":"https:\/\/api.w.org\/{rel}","templated":true}]}}