{"id":1773,"date":"2016-12-22T23:19:29","date_gmt":"2016-12-22T23:19:29","guid":{"rendered":"https:\/\/jordidomenechportfolio.wordpress.com\/?p=1773"},"modified":"2016-12-22T23:19:29","modified_gmt":"2016-12-22T23:19:29","slug":"practiques-investigadores-cap-a-la-competencia-cientifica","status":"publish","type":"post","link":"https:\/\/webs.uab.cat\/jordidomenech\/2016\/12\/22\/practiques-investigadores-cap-a-la-competencia-cientifica\/","title":{"rendered":"Pr\u00e0ctiques investigadores cap a la Compet\u00e8ncia Cient\u00edfica"},"content":{"rendered":"<p><a href=\"https:\/\/jordidomenechportfolio.wordpress.com\/2015\/12\/22\/eines-per-a-dissenyar-preguntes-per-avaluar-habilitats-cientifiques\/tss\/\" rel=\"attachment wp-att-1418\"><img loading=\"lazy\" decoding=\"async\" class=\"alignright wp-image-1418 \" style=\"margin-top:20px;margin-bottom:20px;margin-left:20px\" src=\"https:\/\/webs.uab.cat\/jordidomenech\/wp-content\/uploads\/sites\/524\/2015\/12\/tss.jpg\" alt=\"tss\" width=\"286\" height=\"215\" srcset=\"https:\/\/webs.uab.cat\/jordidomenech\/wp-content\/uploads\/sites\/524\/2015\/12\/tss.jpg 400w, https:\/\/webs.uab.cat\/jordidomenech\/wp-content\/uploads\/sites\/524\/2015\/12\/tss-300x225.jpg 300w\" sizes=\"auto, (max-width: 286px) 100vw, 286px\" \/><\/a>De l&#8217;epiteli de ceba a la indagaci\u00f3. Un marc per a construir pr\u00e0ctiques investigadores cap a la Compet\u00e8ncia Cient\u00edfica. <em>Revista Ci\u00e8ncies<\/em> (2016)32, 12-22. Jordi Dom\u00e8nech-Casal, Neus Ruiz.<\/p>\n<ul>\n<li><a href=\"https:\/\/www.raco.cat\/index.php\/Ciencies\/article\/view\/316723\" target=\"_blank\" rel=\"noopener noreferrer\">ACC\u00c9S A L&#8217;ARTICLE COMPLET EN OBERT<\/a><\/li>\n<li><a href=\"https:\/\/app.box.com\/s\/hntzba12ghwnwgbryqcfzvvhzhkp8cef\" target=\"_blank\" rel=\"noopener\">Acc\u00e9s alternatiu<\/a><\/li>\n<\/ul>\n<p>El desenvolupament de les dimensions de la compet\u00e8ncia cient\u00edfica (conceptual, procedimental i epist\u00e8mica) t\u00e9 en els treballs pr\u00e0ctics de laboratori un espai candidat. El desplegament de pr\u00e0ctiques investigadores \u00e9s complex i requereix de marcs metodol\u00f2gics i suports per dur-lo a terme. S\u2019ha desenvolupat un marc metodol\u00f2gic per al treball estructurat amb pr\u00e0ctiques investigadores basat en diverses bastides de suport per al treball d\u2019habilitats de raonament cient\u00edfic i una seq\u00fc\u00e8ncia de treball en 5 etapes que culmina en l\u2019escriptura d\u2019un article cient\u00edfic per part dels alumnes. El marc metodol\u00f2gic s&#8217;ha aplicat en una pr\u00e0ctica sobre biologia cel\u00b7lular i microsc\u00f2pia, en el marc del treball en l&#8217;ensenyament de les Ci\u00e8ncies a l&#8217;Institut Marta Estrada, de Granollers. Es justifiquen i descriuen les diferents etapes i els resultats obtinguts i es comenten din\u00e0miques clau (oralitat, auto i co-avaluaci\u00f3) i l\u2019aportaci\u00f3 d\u2019aquest tipus de pr\u00e0ctiques a les tres dimensions de la compet\u00e8ncia cient\u00edfica.<\/p>\n<p>&nbsp;<\/p>\n","protected":false},"excerpt":{"rendered":"<p>De l&#8217;epiteli de ceba a la indagaci\u00f3. Un marc per a construir pr\u00e0ctiques investigadores cap a la Compet\u00e8ncia Cient\u00edfica. Revista Ci\u00e8ncies (2016)32, 12-22. Jordi Dom\u00e8nech-Casal, Neus Ruiz. ACC\u00c9S A L&#8217;ARTICLE COMPLET EN OBERT Acc\u00e9s alternatiu El desenvolupament de les dimensions de la compet\u00e8ncia cient\u00edfica (conceptual, procedimental i epist\u00e8mica) t\u00e9 en els treballs pr\u00e0ctics de laboratori [&hellip;]<\/p>\n","protected":false},"author":2840,"featured_media":1419,"comment_status":"closed","ping_status":"open","sticky":false,"template":"","format":"standard","meta":{"footnotes":""},"categories":[152],"tags":[154,53,97,174,179,182],"class_list":["post-1773","post","type-post","status-publish","format-standard","has-post-thumbnail","hentry","category-uncategorized","tag-c3","tag-context","tag-laboratori","tag-model","tag-publicacions-didactica","tag-recursos-docents"],"_links":{"self":[{"href":"https:\/\/webs.uab.cat\/jordidomenech\/wp-json\/wp\/v2\/posts\/1773","targetHints":{"allow":["GET"]}}],"collection":[{"href":"https:\/\/webs.uab.cat\/jordidomenech\/wp-json\/wp\/v2\/posts"}],"about":[{"href":"https:\/\/webs.uab.cat\/jordidomenech\/wp-json\/wp\/v2\/types\/post"}],"author":[{"embeddable":true,"href":"https:\/\/webs.uab.cat\/jordidomenech\/wp-json\/wp\/v2\/users\/2840"}],"replies":[{"embeddable":true,"href":"https:\/\/webs.uab.cat\/jordidomenech\/wp-json\/wp\/v2\/comments?post=1773"}],"version-history":[{"count":0,"href":"https:\/\/webs.uab.cat\/jordidomenech\/wp-json\/wp\/v2\/posts\/1773\/revisions"}],"wp:featuredmedia":[{"embeddable":true,"href":"https:\/\/webs.uab.cat\/jordidomenech\/wp-json\/wp\/v2\/media\/1419"}],"wp:attachment":[{"href":"https:\/\/webs.uab.cat\/jordidomenech\/wp-json\/wp\/v2\/media?parent=1773"}],"wp:term":[{"taxonomy":"category","embeddable":true,"href":"https:\/\/webs.uab.cat\/jordidomenech\/wp-json\/wp\/v2\/categories?post=1773"},{"taxonomy":"post_tag","embeddable":true,"href":"https:\/\/webs.uab.cat\/jordidomenech\/wp-json\/wp\/v2\/tags?post=1773"}],"curies":[{"name":"wp","href":"https:\/\/api.w.org\/{rel}","templated":true}]}}