{"id":1996,"date":"2019-05-09T11:32:49","date_gmt":"2019-05-09T11:32:49","guid":{"rendered":"https:\/\/blogcienciesnaturals.wordpress.com\/?p=1996"},"modified":"2019-05-09T11:32:49","modified_gmt":"2019-05-09T11:32:49","slug":"presentacio-del-llibre-abp-treballs-practics-i-controversies","status":"publish","type":"post","link":"https:\/\/webs.uab.cat\/jordidomenech\/2019\/05\/09\/presentacio-del-llibre-abp-treballs-practics-i-controversies\/","title":{"rendered":"Presentaci\u00f3 del llibre \u00abABP, Treballs Pr\u00e0ctics i Controv\u00e8rsies\u00bb"},"content":{"rendered":"<p>\u00c9s un plaer anunciar-vos que el llibre \u00abAprenentatge Basat en Projectes, Treballs Pr\u00e0ctics i Controv\u00e8rsies. 28 experi\u00e8ncies i reflexions per ensenyar ci\u00e8ncies\u00bb&nbsp; <a href=\"https:\/\/blogcienciesnaturals.wordpress.com\/2018\/11\/27\/discurs-premi-marta-mata-de-pedagogia\/\" target=\"_blank\" rel=\"noopener\">sorgit del manuscrit del premi Marta Mata<\/a> ja ha sortit publicat, despr\u00e9s de la bona feina que ha fet L&#8217;Associaci\u00f3 Rosa Sensat per convertir aquell primer manuscrit en un llibre.<\/p>\n<p>El llibre es pot comprar a:<\/p>\n<ul>\n<li><a href=\"https:\/\/www.rosasensat.org\/producte\/aprenentatge-basat-en-projectes-treballs-practics-i-controversies\/\" target=\"_blank\" rel=\"noopener\">lloc web de l\u2019Associaci\u00f3 Rosa Sensat<\/a><\/li>\n<li><a href=\"https:\/\/www.amazon.es\/dp\/8494843680\/ref=cm_sw_r_tw_dp_U_x_yOa1CbA5FXCW0\" target=\"_blank\" rel=\"noopener\">Amazon<\/a><\/li>\n<li>Les llibreries Abacus i Alibri<\/li>\n<\/ul>\n<p>Per celebrar-ho, farem un acte de Presentaci\u00f3 del llibre, en el que juntament amb Francina Mart\u00ed (Presidenta de l&#8217;Associaci\u00f3 Rosa Sensat), <a href=\"http:\/\/www.sergidelmoral.net\/\" target=\"_blank\" rel=\"noopener\">Sergi del Moral<\/a> (professor de secund\u00e0ria i amic) i jo mateix, parlarem del llibre i d&#8217;educaci\u00f3.<\/p>\n<p>L&#8217;acte de Presentaci\u00f3 tindr\u00e0 lloc el proper <strong>dimarts 21 de maig a les 18:30h a la seu de l&#8217;Associaci\u00f3 Rosa Sensat<\/strong>, a l&#8217;avda Drassanes, n\u00ba 3, hi sou convidats!!<\/p>\n<p><a href=\"https:\/\/blogcienciesnaturals.wordpress.com\/2019\/05\/09\/presentacio-del-llibre-abp-treballs-practics-i-controversies\/premi-2018-post\/\" rel=\"attachment wp-att-1997\"><img loading=\"lazy\" decoding=\"async\" class=\"  wp-image-1997 aligncenter\" src=\"https:\/\/webs.uab.cat\/jordidomenech\/wp-content\/uploads\/sites\/524\/2019\/05\/premi-2018-post.jpg\" alt=\"\" width=\"422\" height=\"235\"><\/a><\/p>\n","protected":false},"excerpt":{"rendered":"<p>\u00c9s un plaer anunciar-vos que el llibre \u00abAprenentatge Basat en Projectes, Treballs Pr\u00e0ctics i Controv\u00e8rsies. 28 experi\u00e8ncies i reflexions per ensenyar ci\u00e8ncies\u00bb&nbsp; sorgit del manuscrit del premi Marta Mata ja ha sortit publicat, despr\u00e9s de la bona feina que ha fet L&#8217;Associaci\u00f3 Rosa Sensat per convertir aquell primer manuscrit en un llibre. El llibre es [&hellip;]<\/p>\n","protected":false},"author":2840,"featured_media":0,"comment_status":"open","ping_status":"open","sticky":false,"template":"","format":"standard","meta":{"footnotes":""},"categories":[1],"tags":[144],"class_list":["post-1996","post","type-post","status-publish","format-standard","hentry","category-general","tag-treball-per-projectes"],"_links":{"self":[{"href":"https:\/\/webs.uab.cat\/jordidomenech\/wp-json\/wp\/v2\/posts\/1996","targetHints":{"allow":["GET"]}}],"collection":[{"href":"https:\/\/webs.uab.cat\/jordidomenech\/wp-json\/wp\/v2\/posts"}],"about":[{"href":"https:\/\/webs.uab.cat\/jordidomenech\/wp-json\/wp\/v2\/types\/post"}],"author":[{"embeddable":true,"href":"https:\/\/webs.uab.cat\/jordidomenech\/wp-json\/wp\/v2\/users\/2840"}],"replies":[{"embeddable":true,"href":"https:\/\/webs.uab.cat\/jordidomenech\/wp-json\/wp\/v2\/comments?post=1996"}],"version-history":[{"count":0,"href":"https:\/\/webs.uab.cat\/jordidomenech\/wp-json\/wp\/v2\/posts\/1996\/revisions"}],"wp:attachment":[{"href":"https:\/\/webs.uab.cat\/jordidomenech\/wp-json\/wp\/v2\/media?parent=1996"}],"wp:term":[{"taxonomy":"category","embeddable":true,"href":"https:\/\/webs.uab.cat\/jordidomenech\/wp-json\/wp\/v2\/categories?post=1996"},{"taxonomy":"post_tag","embeddable":true,"href":"https:\/\/webs.uab.cat\/jordidomenech\/wp-json\/wp\/v2\/tags?post=1996"}],"curies":[{"name":"wp","href":"https:\/\/api.w.org\/{rel}","templated":true}]}}