{"id":2035,"date":"2017-11-22T18:30:57","date_gmt":"2017-11-22T18:30:57","guid":{"rendered":"https:\/\/jordidomenechportfolio.wordpress.com\/?p=2035"},"modified":"2017-11-22T18:30:57","modified_gmt":"2017-11-22T18:30:57","slug":"activitat-dieta-saludable-i-sostenible","status":"publish","type":"post","link":"https:\/\/webs.uab.cat\/jordidomenech\/2017\/11\/22\/activitat-dieta-saludable-i-sostenible\/","title":{"rendered":"Activitat: dieta saludable&#8230;justa i sostenible"},"content":{"rendered":"<p><a href=\"https:\/\/jordidomenechportfolio.wordpress.com\/?attachment_id=2036\" rel=\"attachment wp-att-2036\"><img loading=\"lazy\" decoding=\"async\" class=\"alignright wp-image-2036\" src=\"https:\/\/webs.uab.cat\/jordidomenech\/wp-content\/uploads\/sites\/524\/2017\/11\/dieta-1.jpg\" alt=\"\" width=\"416\" height=\"285\" srcset=\"https:\/\/webs.uab.cat\/jordidomenech\/wp-content\/uploads\/sites\/524\/2017\/11\/dieta-1.jpg 611w, https:\/\/webs.uab.cat\/jordidomenech\/wp-content\/uploads\/sites\/524\/2017\/11\/dieta-1-300x206.jpg 300w\" sizes=\"auto, (max-width: 416px) 100vw, 416px\" \/><\/a>Activitat en qu\u00e8 els alumnes han d&#8217;elaborar el men\u00fa d&#8217;un dia de 4 persones amb diferents restriccions: gustos personals, pressupost, ingesta cal\u00f2rica, micronutrients, tenint tamb\u00e9 en compte la petjada de carboni (impacte ecol\u00f2gic) de cada aliment segons el seu origen i m\u00e8tode de producci\u00f3.<\/p>\n<p>L&#8217;activitat t\u00e9 per objectiu connectar el model de <strong>dieta saludable<\/strong> amb les idees de <strong>pobresa i\u00a0\u00a0just\u00edcia social<\/strong> i <strong>sostenibilitat<\/strong>. Els alumnes elaboren temptativament els men\u00fas amb l&#8217;ajut d&#8217;un fitxer Calc que proporciona la mateixa activitat, descobrint en la pr\u00e0ctica les complexitats del tema i dediquen la part final de l&#8217;activitat a reflexionar sobre els tres eixos de l&#8217;activitat.<\/p>\n<ul>\n<li><a href=\"https:\/\/app.box.com\/s\/id6dhcq9ufuib6rggva2ytzk1kq907q4\" target=\"_blank\" rel=\"noopener\">Desc\u00e0rrega dels materials de l&#8217;activitat\u00a0<\/a><\/li>\n<\/ul>\n<p>L&#8217;activitat forma part de l&#8217;Itinerari <a href=\"https:\/\/sites.google.com\/site\/projectantcn3\/\" target=\"_blank\" rel=\"noopener\">ProjectantCN3<\/a>, de desplegament del curr\u00edculum de Ci\u00e8ncies de 3 ESO amb metodologies actives.<\/p>\n<p>Hi ha disponible un <a href=\"https:\/\/wp.me\/p25seH-zo\" target=\"_blank\" rel=\"noopener\">article descrivint el disseny i resultats de l&#8217;aplicaci\u00f3<\/a>.<\/p>\n<p><span style=\"color:#ffffff\">.<\/span><\/p>\n<p><span style=\"color:#ffffff\">.<\/span><\/p>\n<p><span style=\"color:#ffffff\">.<\/span><\/p>\n<p><span style=\"color:#ffffff\">.<\/span><\/p>\n<p>&nbsp;<\/p>\n","protected":false},"excerpt":{"rendered":"<p>Activitat en qu\u00e8 els alumnes han d&#8217;elaborar el men\u00fa d&#8217;un dia de 4 persones amb diferents restriccions: gustos personals, pressupost, ingesta cal\u00f2rica, micronutrients, tenint tamb\u00e9 en compte la petjada de carboni (impacte ecol\u00f2gic) de cada aliment segons el seu origen i m\u00e8tode de producci\u00f3. L&#8217;activitat t\u00e9 per objectiu connectar el model de dieta saludable amb [&hellip;]<\/p>\n","protected":false},"author":2840,"featured_media":2036,"comment_status":"closed","ping_status":"open","sticky":false,"template":"","format":"standard","meta":{"footnotes":""},"categories":[152],"tags":[182,185],"class_list":["post-2035","post","type-post","status-publish","format-standard","has-post-thumbnail","hentry","category-uncategorized","tag-recursos-docents","tag-tic"],"_links":{"self":[{"href":"https:\/\/webs.uab.cat\/jordidomenech\/wp-json\/wp\/v2\/posts\/2035","targetHints":{"allow":["GET"]}}],"collection":[{"href":"https:\/\/webs.uab.cat\/jordidomenech\/wp-json\/wp\/v2\/posts"}],"about":[{"href":"https:\/\/webs.uab.cat\/jordidomenech\/wp-json\/wp\/v2\/types\/post"}],"author":[{"embeddable":true,"href":"https:\/\/webs.uab.cat\/jordidomenech\/wp-json\/wp\/v2\/users\/2840"}],"replies":[{"embeddable":true,"href":"https:\/\/webs.uab.cat\/jordidomenech\/wp-json\/wp\/v2\/comments?post=2035"}],"version-history":[{"count":0,"href":"https:\/\/webs.uab.cat\/jordidomenech\/wp-json\/wp\/v2\/posts\/2035\/revisions"}],"wp:featuredmedia":[{"embeddable":true,"href":"https:\/\/webs.uab.cat\/jordidomenech\/wp-json\/wp\/v2\/media\/2036"}],"wp:attachment":[{"href":"https:\/\/webs.uab.cat\/jordidomenech\/wp-json\/wp\/v2\/media?parent=2035"}],"wp:term":[{"taxonomy":"category","embeddable":true,"href":"https:\/\/webs.uab.cat\/jordidomenech\/wp-json\/wp\/v2\/categories?post=2035"},{"taxonomy":"post_tag","embeddable":true,"href":"https:\/\/webs.uab.cat\/jordidomenech\/wp-json\/wp\/v2\/tags?post=2035"}],"curies":[{"name":"wp","href":"https:\/\/api.w.org\/{rel}","templated":true}]}}