{"id":2302,"date":"2018-11-10T09:00:43","date_gmt":"2018-11-10T09:00:43","guid":{"rendered":"https:\/\/jordidomenechportfolio.wordpress.com\/?p=2302"},"modified":"2018-11-10T09:00:43","modified_gmt":"2018-11-10T09:00:43","slug":"eines-per-al-treball-amb-pseudociencies","status":"publish","type":"post","link":"https:\/\/webs.uab.cat\/jordidomenech\/2018\/11\/10\/eines-per-al-treball-amb-pseudociencies\/","title":{"rendered":"Eines per al treball amb Pseudoci\u00e8ncies"},"content":{"rendered":"<p><a href=\"https:\/\/jordidomenechportfolio.wordpress.com\/2018\/11\/10\/eines-per-al-treball-amb-pseudociencies\/ctem-2\/\" rel=\"attachment wp-att-2303\"><img loading=\"lazy\" decoding=\"async\" class=\"wp-image-2303 alignright\" src=\"https:\/\/webs.uab.cat\/jordidomenech\/wp-content\/uploads\/sites\/524\/2018\/10\/ctem.jpg\" alt=\"\" width=\"331\" height=\"253\" srcset=\"https:\/\/webs.uab.cat\/jordidomenech\/wp-content\/uploads\/sites\/524\/2018\/10\/ctem.jpg 500w, https:\/\/webs.uab.cat\/jordidomenech\/wp-content\/uploads\/sites\/524\/2018\/10\/ctem-300x230.jpg 300w\" sizes=\"auto, (max-width: 331px) 100vw, 331px\" \/><\/a><em>An\u00e1lisi d&#8217;arguments i grau de certesa. Eines did\u00e0ctiques per al treball amb Pseudoci\u00e8ncies a l&#8217;aula<\/em>. Comunicaci\u00f3 al <em><a href=\"http:\/\/mestreacasa.gva.es\/web\/cefireambitctm\/congres\" target=\"_blank\" rel=\"noopener\">II Congr\u00e9s CTEM, Val\u00e8ncia<\/a>, <\/em>Novembre 2018. Jordi Dom\u00e8nech-Casal.<\/p>\n<ul>\n<li><a href=\"https:\/\/app.box.com\/s\/0w7mzd4sfvzbf2grut0oqkztc8m0mhj9\" target=\"_blank\" rel=\"noopener\">Desc\u00e0rrega de la comunicaci\u00f3 en obert<\/a><\/li>\n<li><a href=\"https:\/\/portal.edu.gva.es\/cefireambitctm\/wp-content\/uploads\/sites\/207\/2020\/07\/ACTES-II-CONGR%C3%89S-CTEM-optimizada.pdf\" target=\"_blank\" rel=\"noopener\">Desc\u00e0rrega de les actes del congr\u00e9s<\/a><\/li>\n<\/ul>\n<p>Les Pseudoci\u00e8ncies son propostes que es presenten com a cient\u00edfiques malgrat no estar basades en proves ni el consens de la comunitat cient\u00edfica. El desplegament d&#8217;una ciutadania amb cultura cient\u00edfica implica la preparaci\u00f3 per a respondre al repte que suposen. A m\u00e9s de ser una problem\u00e0tica social, s\u00f3n un context candidat per a treballar l&#8217;esperit cr\u00edtic i la Naturalesa de la Ci\u00e8ncia. Es descriuen l&#8217;escala de certeses i la balan\u00e7a d&#8217;arguments, dues eines creades per al treball a l&#8217;aula al voltant dels conceptes de certesa i tipus d&#8217;arguments, d&#8217;aplicaci\u00f3 per al treball amb Pseudoci\u00e8ncies a l&#8217;aula.<\/p>\n<p>Enlla\u00e7 a les eines presentades:<\/p>\n<ul>\n<li>Balan\u00e7a d&#8217;Arguments <a href=\"https:\/\/bit.ly\/2Abmnf2\" target=\"_blank\" rel=\"noopener\">https:\/\/bit.ly\/2Abmnf2<\/a><\/li>\n<li>Escala de Certeses <a href=\"https:\/\/bit.ly\/2EnSDjh\" target=\"_blank\" rel=\"noopener\">https:\/\/bit.ly\/2EnSDjh<\/a><\/li>\n<\/ul>\n<p>Fitxer de la presentaci\u00f3 oral:<\/p>\n<p>[slideshare id=119643644&amp;doc=presentaciopseudocienciesctem-181016203347]<\/p>\n","protected":false},"excerpt":{"rendered":"<p>An\u00e1lisi d&#8217;arguments i grau de certesa. Eines did\u00e0ctiques per al treball amb Pseudoci\u00e8ncies a l&#8217;aula. Comunicaci\u00f3 al II Congr\u00e9s CTEM, Val\u00e8ncia, Novembre 2018. Jordi Dom\u00e8nech-Casal. Desc\u00e0rrega de la comunicaci\u00f3 en obert Desc\u00e0rrega de les actes del congr\u00e9s Les Pseudoci\u00e8ncies son propostes que es presenten com a cient\u00edfiques malgrat no estar basades en proves ni el [&hellip;]<\/p>\n","protected":false},"author":2840,"featured_media":2304,"comment_status":"closed","ping_status":"open","sticky":false,"template":"","format":"standard","meta":{"footnotes":""},"categories":[152],"tags":[154,168,176,129,137,141],"class_list":["post-2302","post","type-post","status-publish","format-standard","has-post-thumbnail","hentry","category-uncategorized","tag-c3","tag-llegir-escriure","tag-ponencies","tag-pseudociencies","tag-rri-i-csc","tag-stem"],"_links":{"self":[{"href":"https:\/\/webs.uab.cat\/jordidomenech\/wp-json\/wp\/v2\/posts\/2302","targetHints":{"allow":["GET"]}}],"collection":[{"href":"https:\/\/webs.uab.cat\/jordidomenech\/wp-json\/wp\/v2\/posts"}],"about":[{"href":"https:\/\/webs.uab.cat\/jordidomenech\/wp-json\/wp\/v2\/types\/post"}],"author":[{"embeddable":true,"href":"https:\/\/webs.uab.cat\/jordidomenech\/wp-json\/wp\/v2\/users\/2840"}],"replies":[{"embeddable":true,"href":"https:\/\/webs.uab.cat\/jordidomenech\/wp-json\/wp\/v2\/comments?post=2302"}],"version-history":[{"count":0,"href":"https:\/\/webs.uab.cat\/jordidomenech\/wp-json\/wp\/v2\/posts\/2302\/revisions"}],"wp:featuredmedia":[{"embeddable":true,"href":"https:\/\/webs.uab.cat\/jordidomenech\/wp-json\/wp\/v2\/media\/2304"}],"wp:attachment":[{"href":"https:\/\/webs.uab.cat\/jordidomenech\/wp-json\/wp\/v2\/media?parent=2302"}],"wp:term":[{"taxonomy":"category","embeddable":true,"href":"https:\/\/webs.uab.cat\/jordidomenech\/wp-json\/wp\/v2\/categories?post=2302"},{"taxonomy":"post_tag","embeddable":true,"href":"https:\/\/webs.uab.cat\/jordidomenech\/wp-json\/wp\/v2\/tags?post=2302"}],"curies":[{"name":"wp","href":"https:\/\/api.w.org\/{rel}","templated":true}]}}