{"id":2314,"date":"2018-11-10T08:00:09","date_gmt":"2018-11-10T08:00:09","guid":{"rendered":"https:\/\/jordidomenechportfolio.wordpress.com\/?p=2314"},"modified":"2018-11-10T08:00:09","modified_gmt":"2018-11-10T08:00:09","slug":"el-marc-stem-i-la-ciutadania-competent","status":"publish","type":"post","link":"https:\/\/webs.uab.cat\/jordidomenech\/2018\/11\/10\/el-marc-stem-i-la-ciutadania-competent\/","title":{"rendered":"El Marc STEM i la Ciutadania Competent"},"content":{"rendered":"<p><a href=\"https:\/\/jordidomenechportfolio.wordpress.com\/2018\/11\/10\/el-marc-stem-i-la-ciutadania-competent\/congresctem\/\" rel=\"attachment wp-att-2318\"><img loading=\"lazy\" decoding=\"async\" class=\"wp-image-2318 alignright\" src=\"https:\/\/webs.uab.cat\/jordidomenech\/wp-content\/uploads\/sites\/524\/2018\/11\/congresctem.jpg\" alt=\"\" width=\"333\" height=\"216\" srcset=\"https:\/\/webs.uab.cat\/jordidomenech\/wp-content\/uploads\/sites\/524\/2018\/11\/congresctem.jpg 1000w, https:\/\/webs.uab.cat\/jordidomenech\/wp-content\/uploads\/sites\/524\/2018\/11\/congresctem-300x195.jpg 300w, https:\/\/webs.uab.cat\/jordidomenech\/wp-content\/uploads\/sites\/524\/2018\/11\/congresctem-768x498.jpg 768w\" sizes=\"auto, (max-width: 333px) 100vw, 333px\" \/><\/a><em>El Marc STEM i la Ciutadania Competent. L&#8217;aproximaci\u00f3 STEMCat<\/em>. Pon\u00e8ncia al\u00a0<em><a href=\"http:\/\/mestreacasa.gva.es\/web\/cefireambitctm\/congres\" target=\"_blank\" rel=\"noopener\"> II Congr\u00e9s CTEM, Val\u00e8ncia<\/a>,<\/em> novembre 2018. J.Dom\u00e8nech.<\/p>\n<ul>\n<li><a href=\"https:\/\/app.box.com\/s\/kjy7xa4j1zl8v1ha9n2zs5hiorl5vicp\" target=\"_blank\" rel=\"noopener\">Desc\u00e0rrega de la Comunicaci\u00f3 en Obert<\/a><\/li>\n<li><a href=\"https:\/\/portal.edu.gva.es\/cefireambitctm\/wp-content\/uploads\/sites\/207\/2020\/07\/ACTES-II-CONGR%C3%89S-CTEM-optimizada.pdf\" target=\"_blank\" rel=\"noopener\">Desc\u00e0rrega del llibre d&#8217;actes sencer<\/a><\/li>\n<\/ul>\n<p>&nbsp;<\/p>\n<p>STEM \u00e9s una paraula polis\u00e8mica. De vegades vol dir interdisciplinarietat, de vegades rob\u00f2tica, i de vegades vol dir vocacions cient\u00edfiques. Quan al Pla STEMCat ens vam plantejar com desplegar l&#8217;iniciativa STEM, el primer que vam fer va ser mirar de definir qu\u00e8 enten\u00edem per STEM. Per a nosaltres, STEM no \u00e9s una metodologia. STEM \u00e9s un objectiu pol\u00edtic: l&#8217;increment de les vocacions cient\u00edfico-tecnol\u00f2giques, l&#8217;equitat -en especial pel que fa al g\u00e8nere- en l&#8217;acc\u00e9s a aquestes professions, i el desenvolupament de la dimensi\u00f3 cient\u00edfica -i tecnol\u00f2gica- de la ciutadania (Scitizenship), que implica capacitar la ciutadania per a <strong>compendre, decidir i actuar.<\/strong> I aix\u00f2 implica coses que inclouen les <strong>tecnologies<\/strong> (rob\u00f2tica, sensors,&#8230;), les <strong>metodologies<\/strong> (ABP, Tinkering,&#8230;) per\u00f2 tamb\u00e9 -i molt especialment- les <strong>perspectives<\/strong> (rols de g\u00e8nere, controv\u00e8rsies s\u00f2cio-cient\u00edfiques, educaci\u00f3 pel desenvolupament i la pau&#8230;). Promoure una ciutadania capa\u00e7 de comprendre, decidir i actuar en la seva dimensi\u00f3 cient\u00edfica necessita d&#8217;una component pol\u00edtica en el desplegament de les STEM. Abordar problem\u00e0tiques socials participades per la ci\u00e8ncia i incorporar perspectives \u00e8tiques a les iniciatives STEM no \u00e9s nom\u00e9s una manera de tenir enginyeres i cient\u00edfics amb una visi\u00f3 m\u00e9s humana del m\u00f3n. \u00c9s tamb\u00e9 una manera de tenir ciutadans i ciutadanes amb una relaci\u00f3 m\u00e9s cordial i empoderada amb la ci\u00e8ncia i la tecnologia.<\/p>\n<p>&nbsp;<\/p>\n<p><strong>Refer\u00e8ncies:<\/strong><\/p>\n<ul>\n<li>Couso, D. (2017). Perqu\u00e8 estem a STEM? Un intent de definir l\u2019alfabetitzaci\u00f3 STEM per a tothom i amb valors. <i>Revista <\/i><i>Ci\u00e8ncies<\/i> 34, 22-30.<\/li>\n<li>Dom\u00e8nech-Casal, J. (2018). Comprender, Decidir y Actuar: una propuesta-marco de Competencia Cient\u00edfica para la Ciudadan\u00eda. <i>Revista Eureka sobre Ense\u00f1anza y Divulgaci\u00f3n de las Ciencias <\/i>15 (1), 1105.<\/li>\n<\/ul>\n<p><strong>V\u00eddeo de la xerrada: <a href=\"https:\/\/videos.canal.gva.es\/p\/118\/sp\/11800\/embedIframeJs\/uiconf_id\/23448187\/partner_id\/118?iframeembed=true&amp;playerId=kaltura_player_1544534070&amp;entry_id=0_iu8xq108\">Acc\u00e9s al v\u00eddeo<\/a><\/strong><\/p>\n<p><strong>Presentaci\u00f3:<\/strong><\/p>\n<p>[slideshare id=121747240&amp;doc=ponenciastemcatvalencia-181103231705]<\/p>\n","protected":false},"excerpt":{"rendered":"<p>El Marc STEM i la Ciutadania Competent. L&#8217;aproximaci\u00f3 STEMCat. Pon\u00e8ncia al\u00a0 II Congr\u00e9s CTEM, Val\u00e8ncia, novembre 2018. J.Dom\u00e8nech. Desc\u00e0rrega de la Comunicaci\u00f3 en Obert Desc\u00e0rrega del llibre d&#8217;actes sencer &nbsp; STEM \u00e9s una paraula polis\u00e8mica. De vegades vol dir interdisciplinarietat, de vegades rob\u00f2tica, i de vegades vol dir vocacions cient\u00edfiques. Quan al Pla STEMCat ens [&hellip;]<\/p>\n","protected":false},"author":2840,"featured_media":2304,"comment_status":"closed","ping_status":"open","sticky":false,"template":"","format":"standard","meta":{"footnotes":""},"categories":[152],"tags":[154,158,176,183,141,147],"class_list":["post-2314","post","type-post","status-publish","format-standard","has-post-thumbnail","hentry","category-uncategorized","tag-c3","tag-congressos","tag-ponencies","tag-steamcat","tag-stem","tag-videos"],"_links":{"self":[{"href":"https:\/\/webs.uab.cat\/jordidomenech\/wp-json\/wp\/v2\/posts\/2314","targetHints":{"allow":["GET"]}}],"collection":[{"href":"https:\/\/webs.uab.cat\/jordidomenech\/wp-json\/wp\/v2\/posts"}],"about":[{"href":"https:\/\/webs.uab.cat\/jordidomenech\/wp-json\/wp\/v2\/types\/post"}],"author":[{"embeddable":true,"href":"https:\/\/webs.uab.cat\/jordidomenech\/wp-json\/wp\/v2\/users\/2840"}],"replies":[{"embeddable":true,"href":"https:\/\/webs.uab.cat\/jordidomenech\/wp-json\/wp\/v2\/comments?post=2314"}],"version-history":[{"count":0,"href":"https:\/\/webs.uab.cat\/jordidomenech\/wp-json\/wp\/v2\/posts\/2314\/revisions"}],"wp:featuredmedia":[{"embeddable":true,"href":"https:\/\/webs.uab.cat\/jordidomenech\/wp-json\/wp\/v2\/media\/2304"}],"wp:attachment":[{"href":"https:\/\/webs.uab.cat\/jordidomenech\/wp-json\/wp\/v2\/media?parent=2314"}],"wp:term":[{"taxonomy":"category","embeddable":true,"href":"https:\/\/webs.uab.cat\/jordidomenech\/wp-json\/wp\/v2\/categories?post=2314"},{"taxonomy":"post_tag","embeddable":true,"href":"https:\/\/webs.uab.cat\/jordidomenech\/wp-json\/wp\/v2\/tags?post=2314"}],"curies":[{"name":"wp","href":"https:\/\/api.w.org\/{rel}","templated":true}]}}