{"id":2339,"date":"2018-11-27T20:41:32","date_gmt":"2018-11-27T20:41:32","guid":{"rendered":"https:\/\/jordidomenechportfolio.wordpress.com\/?p=2339"},"modified":"2018-11-27T20:41:32","modified_gmt":"2018-11-27T20:41:32","slug":"premi-marta-mata-de-pedagogia","status":"publish","type":"post","link":"https:\/\/webs.uab.cat\/jordidomenech\/2018\/11\/27\/premi-marta-mata-de-pedagogia\/","title":{"rendered":"Premi Marta Mata de Pedagogia"},"content":{"rendered":"<p><a href=\"https:\/\/jordidomenechportfolio.wordpress.com\/?attachment_id=2340\" rel=\"attachment wp-att-2340\"><img loading=\"lazy\" decoding=\"async\" class=\"alignright wp-image-2340\" src=\"https:\/\/webs.uab.cat\/jordidomenech\/wp-content\/uploads\/sites\/524\/2018\/11\/martamata-1.jpg\" alt=\"\" width=\"305\" height=\"168\" srcset=\"https:\/\/webs.uab.cat\/jordidomenech\/wp-content\/uploads\/sites\/524\/2018\/11\/martamata-1.jpg 598w, https:\/\/webs.uab.cat\/jordidomenech\/wp-content\/uploads\/sites\/524\/2018\/11\/martamata-1-300x166.jpg 300w\" sizes=\"auto, (max-width: 305px) 100vw, 305px\" \/><\/a>El llibre \u00ab<em>Indagaci\u00f3n, ABP y controversias. Apuntes para la Competencia Cient\u00edfica<\/em>\u00bb del que s\u00f3c autor ha estat premiat el novembre de 2018 amb el <a href=\"http:\/\/www2.rosasensat.org\/pagina\/premi-de-pedagogia-marta-mata\" target=\"_blank\" rel=\"noopener\">Premi Marta Mata de Pedagogia<\/a>. El Premi \u00e9s concedit cada any per\u00a0l\u2019Associaci\u00f3 de Mestres Rosa Sensat, amb la col\u00b7laboraci\u00f3 de la Fundaci\u00f3 Artur Martorell, el Departament d\u2019Ensenyament de la Generalitat de Catalunya, la Diputaci\u00f3 de Barcelona i l\u2019Institut d\u2019Educaci\u00f3 de l\u2019Ajuntament de Barcelona, a obres sobre educaci\u00f3 que a partir de l\u2019an\u00e0lisi i la reflexi\u00f3 sobre la pr\u00e0ctica, contribueixin a la millora de l\u2019educaci\u00f3 i a enfortir la renovaci\u00f3 pedag\u00f2gica.<\/p>\n<p>El llibre, que ser\u00e0 publicat properament, inicia amb el seg\u00fcent text:<\/p>\n<p>\u00ab<em>Empec\u00e9 como profe de ciencias en Secundaria hace ahora 10 a\u00f1os. Llegu\u00e9 de rebote del mundo de la investigaci\u00f3n universitaria, buscando estabilidad y un oficio apacible que no me ocupara mucho tiempo. Viv\u00eda con la idea inocente que, como sab\u00eda explicar y hacer un uso razonable de analog\u00edas y met\u00e1foras, esto se me iba a dar bien. Pronto todas esas concepciones sobre el oficio se revelaron equivocadas<\/em>\u00ab.<\/p>\n<p>El <a href=\"https:\/\/wp.me\/pDtlG-vs\" target=\"_blank\" rel=\"noopener\">discurs fet en l&#8217;entrega del premi \u00e9s disponible al meu blog<\/a>.<\/p>\n<p>&nbsp;<\/p>\n","protected":false},"excerpt":{"rendered":"<p>El llibre \u00abIndagaci\u00f3n, ABP y controversias. Apuntes para la Competencia Cient\u00edfica\u00bb del que s\u00f3c autor ha estat premiat el novembre de 2018 amb el Premi Marta Mata de Pedagogia. El Premi \u00e9s concedit cada any per\u00a0l\u2019Associaci\u00f3 de Mestres Rosa Sensat, amb la col\u00b7laboraci\u00f3 de la Fundaci\u00f3 Artur Martorell, el Departament d\u2019Ensenyament de la Generalitat de [&hellip;]<\/p>\n","protected":false},"author":2840,"featured_media":2341,"comment_status":"closed","ping_status":"open","sticky":false,"template":"","format":"standard","meta":{"footnotes":""},"categories":[152],"tags":[154,177,179],"class_list":["post-2339","post","type-post","status-publish","format-standard","has-post-thumbnail","hentry","category-uncategorized","tag-c3","tag-premis","tag-publicacions-didactica"],"_links":{"self":[{"href":"https:\/\/webs.uab.cat\/jordidomenech\/wp-json\/wp\/v2\/posts\/2339","targetHints":{"allow":["GET"]}}],"collection":[{"href":"https:\/\/webs.uab.cat\/jordidomenech\/wp-json\/wp\/v2\/posts"}],"about":[{"href":"https:\/\/webs.uab.cat\/jordidomenech\/wp-json\/wp\/v2\/types\/post"}],"author":[{"embeddable":true,"href":"https:\/\/webs.uab.cat\/jordidomenech\/wp-json\/wp\/v2\/users\/2840"}],"replies":[{"embeddable":true,"href":"https:\/\/webs.uab.cat\/jordidomenech\/wp-json\/wp\/v2\/comments?post=2339"}],"version-history":[{"count":0,"href":"https:\/\/webs.uab.cat\/jordidomenech\/wp-json\/wp\/v2\/posts\/2339\/revisions"}],"wp:featuredmedia":[{"embeddable":true,"href":"https:\/\/webs.uab.cat\/jordidomenech\/wp-json\/wp\/v2\/media\/2341"}],"wp:attachment":[{"href":"https:\/\/webs.uab.cat\/jordidomenech\/wp-json\/wp\/v2\/media?parent=2339"}],"wp:term":[{"taxonomy":"category","embeddable":true,"href":"https:\/\/webs.uab.cat\/jordidomenech\/wp-json\/wp\/v2\/categories?post=2339"},{"taxonomy":"post_tag","embeddable":true,"href":"https:\/\/webs.uab.cat\/jordidomenech\/wp-json\/wp\/v2\/tags?post=2339"}],"curies":[{"name":"wp","href":"https:\/\/api.w.org\/{rel}","templated":true}]}}