{"id":25,"date":"2011-12-27T21:19:58","date_gmt":"2011-12-27T21:19:58","guid":{"rendered":"http:\/\/jordidomenechportfolio.wordpress.com\/?p=25"},"modified":"2011-12-27T21:19:58","modified_gmt":"2011-12-27T21:19:58","slug":"premi-joan-oro-a-la-divulgacio-de-la-recerca-cientifica","status":"publish","type":"post","link":"https:\/\/webs.uab.cat\/jordidomenech\/2011\/12\/27\/premi-joan-oro-a-la-divulgacio-de-la-recerca-cientifica\/","title":{"rendered":"Premi Joan Or\u00f3 a la Divulgaci\u00f3 de la Recerca Cient\u00edfica"},"content":{"rendered":"<p>El relat epistolar \u00abCarta d&#8217;un ca\u00e7ador de metalls\u00bb, en el que vaig descriure de forma divulgativa una part de la rece<a href=\"https:\/\/webs.uab.cat\/jordidomenech\/wp-content\/uploads\/sites\/524\/2011\/12\/accc1.png\"><img loading=\"lazy\" decoding=\"async\" class=\"alignright size-full wp-image-27\" title=\"accc\" alt=\"\" src=\"https:\/\/webs.uab.cat\/jordidomenech\/wp-content\/uploads\/sites\/524\/2011\/12\/accc1.png\" height=\"130\" width=\"130\" \/><\/a>rca associada a la meva tesi doctoral, va ser premiat amb el Premi Joan Or\u00f3 2007, concedit per l&#8217;Associaci\u00f3 Catalana de Comunicaci\u00f3 Cient\u00edfica.<\/p>\n<p><!--more--><\/p>\n<p><a href=\"https:\/\/jordidomenechportfolio.wordpress.com\/2011\/12\/28\/carta-dun-cacador-de-metalls\/\">L&#8217;article publicat <\/a>est\u00e0 disponible en aquesta mateixa p\u00e0gina.<\/p>\n","protected":false},"excerpt":{"rendered":"<p>El relat epistolar \u00abCarta d&#8217;un ca\u00e7ador de metalls\u00bb, en el que vaig descriure de forma divulgativa una part de la recerca associada a la meva tesi doctoral, va ser premiat amb el Premi Joan Or\u00f3 2007, concedit per l&#8217;Associaci\u00f3 Catalana de Comunicaci\u00f3 Cient\u00edfica.<\/p>\n","protected":false},"author":2840,"featured_media":0,"comment_status":"closed","ping_status":"open","sticky":false,"template":"","format":"standard","meta":{"footnotes":""},"categories":[152],"tags":[72,177,184],"class_list":["post-25","post","type-post","status-publish","format-standard","hentry","category-uncategorized","tag-divulgacio-cientifica","tag-premis","tag-tesi-doctoral"],"_links":{"self":[{"href":"https:\/\/webs.uab.cat\/jordidomenech\/wp-json\/wp\/v2\/posts\/25","targetHints":{"allow":["GET"]}}],"collection":[{"href":"https:\/\/webs.uab.cat\/jordidomenech\/wp-json\/wp\/v2\/posts"}],"about":[{"href":"https:\/\/webs.uab.cat\/jordidomenech\/wp-json\/wp\/v2\/types\/post"}],"author":[{"embeddable":true,"href":"https:\/\/webs.uab.cat\/jordidomenech\/wp-json\/wp\/v2\/users\/2840"}],"replies":[{"embeddable":true,"href":"https:\/\/webs.uab.cat\/jordidomenech\/wp-json\/wp\/v2\/comments?post=25"}],"version-history":[{"count":0,"href":"https:\/\/webs.uab.cat\/jordidomenech\/wp-json\/wp\/v2\/posts\/25\/revisions"}],"wp:attachment":[{"href":"https:\/\/webs.uab.cat\/jordidomenech\/wp-json\/wp\/v2\/media?parent=25"}],"wp:term":[{"taxonomy":"category","embeddable":true,"href":"https:\/\/webs.uab.cat\/jordidomenech\/wp-json\/wp\/v2\/categories?post=25"},{"taxonomy":"post_tag","embeddable":true,"href":"https:\/\/webs.uab.cat\/jordidomenech\/wp-json\/wp\/v2\/tags?post=25"}],"curies":[{"name":"wp","href":"https:\/\/api.w.org\/{rel}","templated":true}]}}