{"id":3010,"date":"2020-10-27T11:58:35","date_gmt":"2020-10-27T11:58:35","guid":{"rendered":"https:\/\/jordidomenechportfolio.wordpress.com\/?p=3010"},"modified":"2020-10-27T11:58:35","modified_gmt":"2020-10-27T11:58:35","slug":"aprenentatge-basat-en-projectes-per-a-stem","status":"publish","type":"post","link":"https:\/\/webs.uab.cat\/jordidomenech\/2020\/10\/27\/aprenentatge-basat-en-projectes-per-a-stem\/","title":{"rendered":"Aprenentatge Basat en Projectes per a STEM"},"content":{"rendered":"\n<p class=\"wp-block-paragraph\">Pon\u00e8ncia duta a terme en format virtual a diferents Espais educatius* als en la que es tracten els conceptes de STEM i ABP, se&#8217;n proposen exemples i claus per al seu disseny, aplicaci\u00f3 i avaluaci\u00f3. <\/p>\n\n\n\n<p class=\"wp-block-paragraph\">*<\/p>\n\n\n\n<p class=\"wp-block-paragraph\">-CRPs de l&#8217;Alta Ribagor\u00e7a i Val d&#8217;Aran. 28 Oct 2020. [<a rel=\"noreferrer noopener\" href=\"https:\/\/drive.google.com\/file\/d\/1cZCsp3LXQutFVs3J2zD_R1iRJyRdY_Td\/view\" target=\"_blank\">Acc\u00e9s a la<\/a><a href=\"https:\/\/drive.google.com\/file\/d\/1cZCsp3LXQutFVs3J2zD_R1iRJyRdY_Td\/view\" target=\"_blank\" rel=\"noreferrer noopener\"> <\/a><a rel=\"noreferrer noopener\" href=\"https:\/\/drive.google.com\/file\/d\/1cZCsp3LXQutFVs3J2zD_R1iRJyRdY_Td\/view\" target=\"_blank\">videoconfer\u00e8ncia gravada<\/a>]<\/p>\n\n\n\n<p class=\"wp-block-paragraph\">-CRP del Giron\u00e8s. 4 Nov 2020. [<a rel=\"noreferrer noopener\" href=\"https:\/\/drive.google.com\/file\/d\/1gouBe0KXcm107-_SSEHBsnBNMLqtKZu8\/view\" target=\"_blank\">Acc\u00e9s a la<\/a><a href=\"https:\/\/drive.google.com\/file\/d\/1gouBe0KXcm107-_SSEHBsnBNMLqtKZu8\/view\" target=\"_blank\" rel=\"noreferrer noopener\"> <\/a><a rel=\"noreferrer noopener\" href=\"https:\/\/drive.google.com\/file\/d\/1gouBe0KXcm107-_SSEHBsnBNMLqtKZu8\/view\" target=\"_blank\">videoconfer\u00e8ncia gravada<\/a>]<\/p>\n\n\n\n<p class=\"wp-block-paragraph\">Document de suport de la xerrada:<\/p>\n\n\n\n<p class=\"wp-block-paragraph\"><\/p>\n\n\n\n<p class=\"wp-block-paragraph\"><\/p>\n\n\n<p>[slideshare id=238988723&amp;doc=abpstemjdomenech-201027115012]<\/p>\n\n\n\n<p class=\"wp-block-paragraph\">V\u00eddeo de la Sessi\u00f3 al CRP Vall d&#8217;Aran:<\/p>\n\n\n\n<p class=\"wp-block-paragraph\"><\/p>\n\n\n\n<p class=\"wp-block-paragraph\"><\/p>\n\n\n<p>[googleapps domain=\u00bbdrive\u00bb dir=\u00bbfile\/d\/1cZCsp3LXQutFVs3J2zD_R1iRJyRdY_Td\/preview\u00bb query=\u00bb\u00bb width=\u00bb640&#8243; height=\u00bb480&#8243; \/]<\/p>\n\n\n\n<p class=\"wp-block-paragraph\"><strong>Principals refer\u00e8ncies bibliogr\u00e0fiques del contingut de la sessi\u00f3:<\/strong><\/p>\n\n\n\n<p class=\"wp-block-paragraph\">Per a qu\u00e8 estem a STEM? Un intent de definir l\u2019alfabetitzaci\u00f3 STEM per a tothom i amb valors. <em>Revista Ci\u00e8ncies <\/em>(2017), 34, 22-30 . Digna Couso <a href=\"https:\/\/www.raco.cat\/index.php\/Ciencies\/article\/view\/338034\">https:\/\/www.raco.cat\/index.php\/Ciencies\/article\/view\/338034<\/a> <\/p>\n\n\n\n<p class=\"wp-block-paragraph\">STEM: Oportunidades y retos desde la Ense\u00f1anza de las Ciencias.&nbsp;<em>Universitas Tarraconensis<\/em>&nbsp;Monogr\u00e1fico (2019) 155-168.&nbsp; Jordi Dom\u00e8nech-Casal. <a href=\"https:\/\/wp.me\/p25seH-Iq\">https:\/\/wp.me\/p25seH-Iq<\/a>  <\/p>\n\n\n\n<p class=\"wp-block-paragraph\"><em>AprenentatgeBasat en Projectes, Treballspr\u00e0ctics i Controv\u00e8rsies. 28 experi\u00e8ncies i reflexions per a ensenyarCi\u00e8ncies<\/em>. Rosa Sensat: Barcelona (2019). Jordi Dom\u00e8nech Casal. <a href=\"https:\/\/wp.me\/p25seH-DC\">https:\/\/wp.me\/p25seH-DC<\/a><\/p>\n\n\n\n<p class=\"wp-block-paragraph\">Contexto y modelo en el Aprendizaje Basado en Proyectos. Apuntes para el \u00e1mbito cient\u00edfico. <em>Alambique, Did\u00e1ctica de las Ciencias Experimentales<\/em>, 98, 71-76. Jordi Dom\u00e8nech-Casal. <a href=\"https:\/\/wp.me\/p25seH-xa\">https:\/\/wp.me\/p25seH-xa<\/a><\/p>\n\n\n\n<p class=\"wp-block-paragraph\">Apuntes topogr\u00e1ficos para el viaje hacia el #ABP. <em>Cuadernos de Pedagog\u00eda<\/em>, 742, 59-62. Jordi Dom\u00e8nech-Casal. <a href=\"https:\/\/wp.me\/p25seH-qI\">https:\/\/wp.me\/p25seH-qI<\/a><\/p>\n\n\n\n<p class=\"wp-block-paragraph\">Aprenentatge Basat en Projectes en \u00e0mbits STEM. Claus metodol\u00f2giques i reptes. <em>Revista Ci\u00e8ncies<\/em>, 33, 2-7. Jordi Dom\u00e8nech-Casal. <a href=\"https:\/\/wp.me\/p25seH-ue\">https:\/\/wp.me\/p25seH-ue<\/a><\/p>\n\n\n\n<p class=\"wp-block-paragraph\">Aprendizaje Basado en Proyectos en el marco STEM. Componentes did\u00e1cticas para la Competencia Cient\u00edfica. <em>\u00c1pice. Revista de Educaci\u00f3n Cient\u00edfica <\/em>(2018), 2(2), 29-42. Jordi Dom\u00e8nech Casal. <a href=\"https:\/\/wp.me\/p25seH-BO\">https:\/\/wp.me\/p25seH-BO<\/a><\/p>\n\n\n\n<p class=\"wp-block-paragraph\">Organizar e impulsar un centro de secundaria hacia el trabajo por proyectos. (2019). <em>Aula de Secundaria<\/em>, 31, 27-31. Blanco, R., Carri\u00f3, V., Dom\u00e8nech, X., Dom\u00e8nech-Casal, J., Llorente, I., Muro, I. <a href=\"https:\/\/wp.me\/p25seH-DK\">https:\/\/wp.me\/p25seH-DK<\/a><\/p>\n\n\n\n<p class=\"wp-block-paragraph\">Proyectos interdisciplinarios en secundaria. Una propuesta organizativa y pedag\u00f3gica desde el Contexto, el Curr\u00edculum y la Autonom\u00eda. <em>Cuadernos de Pedagog\u00eda<\/em>, 505 (2020). Marta Assens, Vict\u00f2ria Carri\u00f3, Jordi Dom\u00e8nech-Casal, Jes\u00fas Gasco, Isabel Llorente, Anna Saperas. <a href=\"https:\/\/wp.me\/p25seH-Gs\">https:\/\/wp.me\/p25seH-Gs<\/a><\/p>\n\n\n\n<p class=\"wp-block-paragraph\"><\/p>\n\n\n\n<p class=\"wp-block-paragraph\"><\/p>\n\n\n\n<p class=\"wp-block-paragraph\"><\/p>\n\n\n\n<p class=\"wp-block-paragraph\">.<\/p>\n\n\n\n<p class=\"wp-block-paragraph\"><\/p>\n","protected":false},"excerpt":{"rendered":"<p>Pon\u00e8ncia duta a terme en format virtual a diferents Espais educatius* als en la que es tracten els conceptes de STEM i ABP, se&#8217;n proposen exemples i claus per al seu disseny, aplicaci\u00f3 i avaluaci\u00f3. * -CRPs de l&#8217;Alta Ribagor\u00e7a i Val d&#8217;Aran. 28 Oct 2020. [Acc\u00e9s a la videoconfer\u00e8ncia gravada] -CRP del Giron\u00e8s. 4 [&hellip;]<\/p>\n","protected":false},"author":2840,"featured_media":3017,"comment_status":"closed","ping_status":"open","sticky":false,"template":"","format":"standard","meta":{"footnotes":""},"categories":[152],"tags":[32,176,141,147],"class_list":["post-3010","post","type-post","status-publish","format-standard","has-post-thumbnail","hentry","category-uncategorized","tag-abp","tag-ponencies","tag-stem","tag-videos"],"_links":{"self":[{"href":"https:\/\/webs.uab.cat\/jordidomenech\/wp-json\/wp\/v2\/posts\/3010","targetHints":{"allow":["GET"]}}],"collection":[{"href":"https:\/\/webs.uab.cat\/jordidomenech\/wp-json\/wp\/v2\/posts"}],"about":[{"href":"https:\/\/webs.uab.cat\/jordidomenech\/wp-json\/wp\/v2\/types\/post"}],"author":[{"embeddable":true,"href":"https:\/\/webs.uab.cat\/jordidomenech\/wp-json\/wp\/v2\/users\/2840"}],"replies":[{"embeddable":true,"href":"https:\/\/webs.uab.cat\/jordidomenech\/wp-json\/wp\/v2\/comments?post=3010"}],"version-history":[{"count":0,"href":"https:\/\/webs.uab.cat\/jordidomenech\/wp-json\/wp\/v2\/posts\/3010\/revisions"}],"wp:featuredmedia":[{"embeddable":true,"href":"https:\/\/webs.uab.cat\/jordidomenech\/wp-json\/wp\/v2\/media\/3017"}],"wp:attachment":[{"href":"https:\/\/webs.uab.cat\/jordidomenech\/wp-json\/wp\/v2\/media?parent=3010"}],"wp:term":[{"taxonomy":"category","embeddable":true,"href":"https:\/\/webs.uab.cat\/jordidomenech\/wp-json\/wp\/v2\/categories?post=3010"},{"taxonomy":"post_tag","embeddable":true,"href":"https:\/\/webs.uab.cat\/jordidomenech\/wp-json\/wp\/v2\/tags?post=3010"}],"curies":[{"name":"wp","href":"https:\/\/api.w.org\/{rel}","templated":true}]}}