{"id":3426,"date":"2021-07-02T15:41:39","date_gmt":"2021-07-02T15:41:39","guid":{"rendered":"https:\/\/jordidomenechportfolio.wordpress.com\/?p=3426"},"modified":"2021-07-02T15:41:39","modified_gmt":"2021-07-02T15:41:39","slug":"activitat-epidemics-premiada-a-ciencia-en-accion","status":"publish","type":"post","link":"https:\/\/webs.uab.cat\/jordidomenech\/2021\/07\/02\/activitat-epidemics-premiada-a-ciencia-en-accion\/","title":{"rendered":"Activitat Epidemics Premiada a Ciencia en Acci\u00f3n 2021"},"content":{"rendered":"\n<div class=\"wp-block-image\"><figure class=\"alignright size-large is-resized\"><a href=\"https:\/\/webs.uab.cat\/jordidomenech\/wp-content\/uploads\/sites\/524\/2020\/12\/epids.jpg\"><img loading=\"lazy\" decoding=\"async\" src=\"https:\/\/webs.uab.cat\/jordidomenech\/wp-content\/uploads\/sites\/524\/2020\/12\/epids.jpg?w=272\" alt=\"\" class=\"wp-image-3161\" width=\"197\" height=\"579\" srcset=\"https:\/\/webs.uab.cat\/jordidomenech\/wp-content\/uploads\/sites\/524\/2020\/12\/epids.jpg 272w, https:\/\/webs.uab.cat\/jordidomenech\/wp-content\/uploads\/sites\/524\/2020\/12\/epids-102x300.jpg 102w\" sizes=\"auto, (max-width: 197px) 100vw, 197px\" \/><\/a><\/figure><\/div>\n\n\n\n<p class=\"wp-block-paragraph\">L&#8217;activitat Epidemics, duta a terme a l&#8217;Institut Marta Estrada el 2021, ha estat <a rel=\"noreferrer noopener\" href=\"https:\/\/cienciaenaccion.org\/resolucion-del-jurado-de-ciencia-en-accion-xxii-opcion-presencial\/\" target=\"_blank\">premiada amb la Menci\u00f3 d&#8217;Honor a la categoria de \u00abLaboratorio de Biolog\u00eda\u00bb dels premis Ciencia en acci\u00f3n<\/a> \u00ab<em>Por ser una idea original y un tema de actualidad en estos momentos que puede ser interesante para que los alumnos comprendan c\u00f3mo evolucionan las epidemias y que variables pueden afectarlas<\/em>\u00ab.<\/p>\n\n\n\n<p class=\"wp-block-paragraph\">L&#8217;activitat es basa en un simulador en Calc dissenyat <em>ad hoc<\/em> i un conjunt de targetes que permeten configurar diverses poblacions, pat\u00f2gens i mesures que els alumnes han d&#8217;articular per a contenir l&#8217;epid\u00e8mia al llarg de vuit cicles, prenent decisions controvertides i valorant diversos aspectes \u00e8tics. <strong>Els materials estan disponibles per a la seva desc\u00e0rrega a <\/strong><a rel=\"noreferrer noopener\" href=\"https:\/\/wp.me\/p25seH-OO\" target=\"_blank\">https:\/\/wp.me\/p25seH-OO<\/a> <\/p>\n\n\n\n<figure class=\"wp-block-image size-large is-resized\"><a href=\"https:\/\/webs.uab.cat\/jordidomenech\/wp-content\/uploads\/sites\/524\/2016\/07\/cienciaaccions.png\"><img loading=\"lazy\" decoding=\"async\" src=\"https:\/\/webs.uab.cat\/jordidomenech\/wp-content\/uploads\/sites\/524\/2016\/07\/cienciaaccions.png?w=181\" alt=\"\" class=\"wp-image-1628\" width=\"260\" height=\"149\" \/><\/a><\/figure>\n\n\n\n<div class=\"wp-block-image\"><figure class=\"alignleft size-large is-resized\"><a href=\"https:\/\/webs.uab.cat\/jordidomenech\/wp-content\/uploads\/sites\/524\/2021\/07\/targetes-1.jpg\"><img loading=\"lazy\" decoding=\"async\" src=\"https:\/\/webs.uab.cat\/jordidomenech\/wp-content\/uploads\/sites\/524\/2021\/07\/targetes-1.jpg?w=965\" alt=\"\" class=\"wp-image-3434\" width=\"303\" height=\"322\" srcset=\"https:\/\/webs.uab.cat\/jordidomenech\/wp-content\/uploads\/sites\/524\/2021\/07\/targetes-1.jpg 1257w, https:\/\/webs.uab.cat\/jordidomenech\/wp-content\/uploads\/sites\/524\/2021\/07\/targetes-1-283x300.jpg 283w, https:\/\/webs.uab.cat\/jordidomenech\/wp-content\/uploads\/sites\/524\/2021\/07\/targetes-1-965x1024.jpg 965w, https:\/\/webs.uab.cat\/jordidomenech\/wp-content\/uploads\/sites\/524\/2021\/07\/targetes-1-768x815.jpg 768w, https:\/\/webs.uab.cat\/jordidomenech\/wp-content\/uploads\/sites\/524\/2021\/07\/targetes-1-1200x1274.jpg 1200w\" sizes=\"auto, (max-width: 303px) 100vw, 303px\" \/><\/a><\/figure><\/div>\n","protected":false},"excerpt":{"rendered":"<p>L&#8217;activitat Epidemics, duta a terme a l&#8217;Institut Marta Estrada el 2021, ha estat premiada amb la Menci\u00f3 d&#8217;Honor a la categoria de \u00abLaboratorio de Biolog\u00eda\u00bb dels premis Ciencia en acci\u00f3n \u00abPor ser una idea original y un tema de actualidad en estos momentos que puede ser interesante para que los alumnos comprendan c\u00f3mo evolucionan las [&hellip;]<\/p>\n","protected":false},"author":2840,"featured_media":1629,"comment_status":"closed","ping_status":"open","sticky":false,"template":"","format":"standard","meta":{"footnotes":""},"categories":[152],"tags":[154,90,177,182,137],"class_list":["post-3426","post","type-post","status-publish","format-standard","has-post-thumbnail","hentry","category-uncategorized","tag-c3","tag-indagacio","tag-premis","tag-recursos-docents","tag-rri-i-csc"],"_links":{"self":[{"href":"https:\/\/webs.uab.cat\/jordidomenech\/wp-json\/wp\/v2\/posts\/3426","targetHints":{"allow":["GET"]}}],"collection":[{"href":"https:\/\/webs.uab.cat\/jordidomenech\/wp-json\/wp\/v2\/posts"}],"about":[{"href":"https:\/\/webs.uab.cat\/jordidomenech\/wp-json\/wp\/v2\/types\/post"}],"author":[{"embeddable":true,"href":"https:\/\/webs.uab.cat\/jordidomenech\/wp-json\/wp\/v2\/users\/2840"}],"replies":[{"embeddable":true,"href":"https:\/\/webs.uab.cat\/jordidomenech\/wp-json\/wp\/v2\/comments?post=3426"}],"version-history":[{"count":0,"href":"https:\/\/webs.uab.cat\/jordidomenech\/wp-json\/wp\/v2\/posts\/3426\/revisions"}],"wp:featuredmedia":[{"embeddable":true,"href":"https:\/\/webs.uab.cat\/jordidomenech\/wp-json\/wp\/v2\/media\/1629"}],"wp:attachment":[{"href":"https:\/\/webs.uab.cat\/jordidomenech\/wp-json\/wp\/v2\/media?parent=3426"}],"wp:term":[{"taxonomy":"category","embeddable":true,"href":"https:\/\/webs.uab.cat\/jordidomenech\/wp-json\/wp\/v2\/categories?post=3426"},{"taxonomy":"post_tag","embeddable":true,"href":"https:\/\/webs.uab.cat\/jordidomenech\/wp-json\/wp\/v2\/tags?post=3426"}],"curies":[{"name":"wp","href":"https:\/\/api.w.org\/{rel}","templated":true}]}}