{"id":3697,"date":"2022-02-16T11:20:45","date_gmt":"2022-02-16T11:20:45","guid":{"rendered":"https:\/\/jordidomenechportfolio.wordpress.com\/?p=3697"},"modified":"2022-02-16T11:20:45","modified_gmt":"2022-02-16T11:20:45","slug":"conversacion-sobre-pensamiento-cientifico","status":"publish","type":"post","link":"https:\/\/webs.uab.cat\/jordidomenech\/2022\/02\/16\/conversacion-sobre-pensamiento-cientifico\/","title":{"rendered":"Conversaci\u00f3n sobre Pensamiento Cient\u00edfico"},"content":{"rendered":"\n<p class=\"wp-block-paragraph\">Conversaci\u00f3n en el programa \u00abAsturias al d\u00eda\u00bb (16\/02\/2022), en la radio auton\u00f3mica de Asturias, sobre Pensamiento Cient\u00edfico alrededor de distintas preguntas:  <em>\u00bfQu\u00e9 supone pasar de ense\u00f1ar ciencias a ense\u00f1ar a pensar cient\u00edficamente? \u00bfQu\u00e9 aporta la filosof\u00eda a todo esto? \u00bfC\u00f3mo se est\u00e1 trabajando en el aula para familiarizar al alumnado con las formas de pensar, hacer, comunicar y relacionarse de la comunidad cient\u00edfica? <\/em>En definitiva, <em>\u00bfQu\u00e9 significa formar a una ciudadan\u00eda cient\u00edficamente competente?<\/em><\/p>\n\n\n\n<p class=\"wp-block-paragraph\">Participan en la conversaci\u00f3n Yolanda \u00c1lvarez Granda (asesora \u00e1mbito cient\u00edfico-tecnol\u00f3gico del Centro de Profesorado y Recursos de Avil\u00e9s), Jordi Dom\u00e9nech Casal (profesor de Ciencias en el Instituto Marta Estrada de Granollers y profesor asociado en el Departamento de Did\u00e1ctica de las Matem\u00e1ticas y las Ciencias Experimentales de la Universidad Aut\u00f3noma de Barcelona), Mariano Mart\u00edn-Gordillo (profesor de filosof\u00eda IES N\u00ba5 , Avil\u00e9s y autor de varias publicaciones sobre el enfoque Ciencia-Tecnolog\u00eda-Sociedad) e Iv\u00e1n Diego (coordinador de Asturias4STEAM).<\/p>\n\n\n\n<p class=\"wp-block-paragraph\">Acceso al PodCast: <a rel=\"noreferrer noopener\" href=\"https:\/\/www.rtpa.es\/audio:Asturias%20al%20dia_1645006431.html\" target=\"_blank\">https:\/\/www.rtpa.es\/audio:Asturias al dia_1645006431.html<\/a><\/p>\n\n\n\n<figure class=\"wp-block-image size-large is-resized\"><a href=\"https:\/\/webs.uab.cat\/jordidomenech\/wp-content\/uploads\/sites\/524\/2022\/02\/image-3.png\"><img loading=\"lazy\" decoding=\"async\" src=\"https:\/\/webs.uab.cat\/jordidomenech\/wp-content\/uploads\/sites\/524\/2022\/02\/image-3.png?w=684\" alt=\"\" class=\"wp-image-3700\" width=\"496\" height=\"289\" srcset=\"https:\/\/webs.uab.cat\/jordidomenech\/wp-content\/uploads\/sites\/524\/2022\/02\/image-3.png 684w, https:\/\/webs.uab.cat\/jordidomenech\/wp-content\/uploads\/sites\/524\/2022\/02\/image-3-300x175.png 300w\" sizes=\"auto, (max-width: 496px) 100vw, 496px\" \/><\/a><\/figure>\n\n\n\n<p class=\"wp-block-paragraph\"><\/p>\n","protected":false},"excerpt":{"rendered":"<p>Conversaci\u00f3n en el programa \u00abAsturias al d\u00eda\u00bb (16\/02\/2022), en la radio auton\u00f3mica de Asturias, sobre Pensamiento Cient\u00edfico alrededor de distintas preguntas: \u00bfQu\u00e9 supone pasar de ense\u00f1ar ciencias a ense\u00f1ar a pensar cient\u00edficamente? \u00bfQu\u00e9 aporta la filosof\u00eda a todo esto? \u00bfC\u00f3mo se est\u00e1 trabajando en el aula para familiarizar al alumnado con las formas de pensar, [&hellip;]<\/p>\n","protected":false},"author":2840,"featured_media":3702,"comment_status":"closed","ping_status":"open","sticky":false,"template":"","format":"standard","meta":{"footnotes":""},"categories":[152],"tags":[154,161,168,169,170,137,142],"class_list":["post-3697","post","type-post","status-publish","format-standard","has-post-thumbnail","hentry","category-uncategorized","tag-c3","tag-entrevistes","tag-llegir-escriure","tag-llengua","tag-llenguatge","tag-rri-i-csc","tag-tilc"],"_links":{"self":[{"href":"https:\/\/webs.uab.cat\/jordidomenech\/wp-json\/wp\/v2\/posts\/3697","targetHints":{"allow":["GET"]}}],"collection":[{"href":"https:\/\/webs.uab.cat\/jordidomenech\/wp-json\/wp\/v2\/posts"}],"about":[{"href":"https:\/\/webs.uab.cat\/jordidomenech\/wp-json\/wp\/v2\/types\/post"}],"author":[{"embeddable":true,"href":"https:\/\/webs.uab.cat\/jordidomenech\/wp-json\/wp\/v2\/users\/2840"}],"replies":[{"embeddable":true,"href":"https:\/\/webs.uab.cat\/jordidomenech\/wp-json\/wp\/v2\/comments?post=3697"}],"version-history":[{"count":0,"href":"https:\/\/webs.uab.cat\/jordidomenech\/wp-json\/wp\/v2\/posts\/3697\/revisions"}],"wp:featuredmedia":[{"embeddable":true,"href":"https:\/\/webs.uab.cat\/jordidomenech\/wp-json\/wp\/v2\/media\/3702"}],"wp:attachment":[{"href":"https:\/\/webs.uab.cat\/jordidomenech\/wp-json\/wp\/v2\/media?parent=3697"}],"wp:term":[{"taxonomy":"category","embeddable":true,"href":"https:\/\/webs.uab.cat\/jordidomenech\/wp-json\/wp\/v2\/categories?post=3697"},{"taxonomy":"post_tag","embeddable":true,"href":"https:\/\/webs.uab.cat\/jordidomenech\/wp-json\/wp\/v2\/tags?post=3697"}],"curies":[{"name":"wp","href":"https:\/\/api.w.org\/{rel}","templated":true}]}}