{"id":917,"date":"2014-03-02T10:49:35","date_gmt":"2014-03-02T10:49:35","guid":{"rendered":"http:\/\/blogcienciesnaturals.wordpress.com\/?p=917"},"modified":"2014-03-02T10:49:35","modified_gmt":"2014-03-02T10:49:35","slug":"spice-passos-europeus-cap-a-la-indagacio","status":"publish","type":"post","link":"https:\/\/webs.uab.cat\/jordidomenech\/2014\/03\/02\/spice-passos-europeus-cap-a-la-indagacio\/","title":{"rendered":"Spice, passos europeus cap a la Indagaci\u00f3"},"content":{"rendered":"<p><img loading=\"lazy\" decoding=\"async\" class=\"alignleft\" style=\"margin:10px 15px\" src=\"http:\/\/spice.eun.org\/spice-theme\/images\/common\/logo.gif\" alt=\"\" width=\"200\" height=\"123\" \/>He sabut a trav\u00e9s del blog de Scientix a la FECYT del projecte Spice: una iniciativa europea per a fer que professors de diferents pa\u00efsos treballin junts al voltant de la indagaci\u00f3.<\/p>\n<p>A banda dels <a href=\"http:\/\/spice.eun.org\/web\/spice\/publications\" target=\"_blank\" rel=\"noopener\">materials generats en el projecte<\/a>, que encara m&#8217;estic mirant a fons i sembla que valen la pena, trobo fonamental que els professors de ci\u00e8ncies ens connectem entre diferents pa\u00efsos per a no estar sempre digerint els mateixos referents un cop i un altre.<\/p>\n<p>Per aix\u00f2 ens pot ser \u00fatil tamb\u00e9 el <a href=\"http:\/\/scientix.eu\/web\/guest\" target=\"_blank\" rel=\"noopener\">portal de Scientix<\/a>, que reuneix els projectes d&#8217;arreu d&#8217;Europa en millora de l&#8217;ensenyament de les ci\u00e8ncies, les matem\u00e0tiques i l&#8217;enginyeria (STEM), amb diverses propostes de participaci\u00f3 en projectes internacionals.<\/p>\n<p>Trobareu m\u00e9s informaci\u00f3 sobre Scientix al <a href=\"http:\/\/scientix.fecyt.es\/http:\/\/\" target=\"_blank\" rel=\"noopener\">blog de la FECYT<\/a> que mantenim entre diversos professors, i al mateix <a href=\"http:\/\/scientix.eu\/web\/guest\" target=\"_blank\" rel=\"noopener\">portal de Scientix<\/a>.<\/p>\n<p>&nbsp;<\/p>\n","protected":false},"excerpt":{"rendered":"<p>He sabut a trav\u00e9s del blog de Scientix a la FECYT del projecte Spice: una iniciativa europea per a fer que professors de diferents pa\u00efsos treballin junts al voltant de la indagaci\u00f3. A banda dels materials generats en el projecte, que encara m&#8217;estic mirant a fons i sembla que valen la pena, trobo fonamental que [&hellip;]<\/p>\n","protected":false},"author":2840,"featured_media":0,"comment_status":"open","ping_status":"open","sticky":false,"template":"","format":"standard","meta":{"footnotes":""},"categories":[1],"tags":[74,97,127],"class_list":["post-917","post","type-post","status-publish","format-standard","hentry","category-general","tag-ecbi-ibse","tag-laboratori","tag-projectes-europeus"],"_links":{"self":[{"href":"https:\/\/webs.uab.cat\/jordidomenech\/wp-json\/wp\/v2\/posts\/917","targetHints":{"allow":["GET"]}}],"collection":[{"href":"https:\/\/webs.uab.cat\/jordidomenech\/wp-json\/wp\/v2\/posts"}],"about":[{"href":"https:\/\/webs.uab.cat\/jordidomenech\/wp-json\/wp\/v2\/types\/post"}],"author":[{"embeddable":true,"href":"https:\/\/webs.uab.cat\/jordidomenech\/wp-json\/wp\/v2\/users\/2840"}],"replies":[{"embeddable":true,"href":"https:\/\/webs.uab.cat\/jordidomenech\/wp-json\/wp\/v2\/comments?post=917"}],"version-history":[{"count":0,"href":"https:\/\/webs.uab.cat\/jordidomenech\/wp-json\/wp\/v2\/posts\/917\/revisions"}],"wp:attachment":[{"href":"https:\/\/webs.uab.cat\/jordidomenech\/wp-json\/wp\/v2\/media?parent=917"}],"wp:term":[{"taxonomy":"category","embeddable":true,"href":"https:\/\/webs.uab.cat\/jordidomenech\/wp-json\/wp\/v2\/categories?post=917"},{"taxonomy":"post_tag","embeddable":true,"href":"https:\/\/webs.uab.cat\/jordidomenech\/wp-json\/wp\/v2\/tags?post=917"}],"curies":[{"name":"wp","href":"https:\/\/api.w.org\/{rel}","templated":true}]}}