{"id":733,"date":"2023-10-13T10:52:44","date_gmt":"2023-10-13T10:52:44","guid":{"rendered":"https:\/\/webs.uab.cat\/jornadesdcs\/?p=733"},"modified":"2023-10-13T10:52:45","modified_gmt":"2023-10-13T10:52:45","slug":"2a-circular","status":"publish","type":"post","link":"https:\/\/webs.uab.cat\/jornadesdcs\/2023\/10\/13\/2a-circular\/","title":{"rendered":"2a Circular"},"content":{"rendered":"\n<p>Benvolguts, benvolgudes,&nbsp;&nbsp;<\/p>\n\n\n\n<p>Us informem que els propers 7,8 i 9 de febrer del 2024 tindran lloc les XX Jornades Internacionals de Recerca en Did\u00e0ctica de les Ci\u00e8ncies Socials, organitzades per la&nbsp;Unitat Departamental de Did\u00e0ctica de les Ci\u00e8ncies Socials i GREDICS, de la Universitat Aut\u00f2noma de Barcelona.&nbsp;&nbsp;<\/p>\n\n\n\n<p>Aquestes jornades s\u00f3n un punt de trobada per al professorat de prim\u00e0ria, secund\u00e0ria i universitari, on dialoguem i compartint problem\u00e0tiques i bones pr\u00e0ctiques sobre l&#8217;aprenentatge i ensenyament de les Ci\u00e8ncies Socials. Aquest 2024 celebrarem el nostre XX\u00e8 aniversari amb la tem\u00e0tica\u00a0<em>Canvis i continu\u00eftat en l&#8217;ensenyament de les Ci\u00e8ncies Socials<\/em>.\u00a0\u00a0\u00a0\u00a0<\/p>\n\n\n\n<p>M\u00e9s informaci\u00f3 en <a href=\"https:\/\/uab-my.sharepoint.com\/:b:\/g\/personal\/1353822_uab_cat\/Eam2zd9BIgRPteEl0KYA6DQBAyl4t8VgdYhFTUDNOd3BiA?e=ImjWE5\" data-type=\"URL\" data-id=\"https:\/\/uab-my.sharepoint.com\/:b:\/g\/personal\/1353822_uab_cat\/Eam2zd9BIgRPteEl0KYA6DQBAyl4t8VgdYhFTUDNOd3BiA?e=ImjWE5\" target=\"_blank\" rel=\"noreferrer noopener\">aquest document<\/a>. <\/p>\n","protected":false},"excerpt":{"rendered":"<p>Benvolguts, benvolgudes,&nbsp;&nbsp; Us informem que els propers 7,8 i 9 de febrer del 2024 tindran lloc les XX Jornades Internacionals de Recerca en Did\u00e0ctica de les Ci\u00e8ncies Socials, organitzades per la&nbsp;Unitat Departamental de Did\u00e0ctica de les Ci\u00e8ncies Socials i GREDICS, de la Universitat Aut\u00f2noma de Barcelona.&nbsp;&nbsp; Aquestes jornades s\u00f3n un punt de trobada per al [&hellip;]<\/p>\n","protected":false},"author":664,"featured_media":734,"comment_status":"closed","ping_status":"closed","sticky":false,"template":"","format":"standard","meta":{"footnotes":""},"categories":[27],"tags":[],"class_list":["post-733","post","type-post","status-publish","format-standard","has-post-thumbnail","hentry","category-xxjornades"],"_links":{"self":[{"href":"https:\/\/webs.uab.cat\/jornadesdcs\/wp-json\/wp\/v2\/posts\/733","targetHints":{"allow":["GET"]}}],"collection":[{"href":"https:\/\/webs.uab.cat\/jornadesdcs\/wp-json\/wp\/v2\/posts"}],"about":[{"href":"https:\/\/webs.uab.cat\/jornadesdcs\/wp-json\/wp\/v2\/types\/post"}],"author":[{"embeddable":true,"href":"https:\/\/webs.uab.cat\/jornadesdcs\/wp-json\/wp\/v2\/users\/664"}],"replies":[{"embeddable":true,"href":"https:\/\/webs.uab.cat\/jornadesdcs\/wp-json\/wp\/v2\/comments?post=733"}],"version-history":[{"count":1,"href":"https:\/\/webs.uab.cat\/jornadesdcs\/wp-json\/wp\/v2\/posts\/733\/revisions"}],"predecessor-version":[{"id":736,"href":"https:\/\/webs.uab.cat\/jornadesdcs\/wp-json\/wp\/v2\/posts\/733\/revisions\/736"}],"wp:featuredmedia":[{"embeddable":true,"href":"https:\/\/webs.uab.cat\/jornadesdcs\/wp-json\/wp\/v2\/media\/734"}],"wp:attachment":[{"href":"https:\/\/webs.uab.cat\/jornadesdcs\/wp-json\/wp\/v2\/media?parent=733"}],"wp:term":[{"taxonomy":"category","embeddable":true,"href":"https:\/\/webs.uab.cat\/jornadesdcs\/wp-json\/wp\/v2\/categories?post=733"},{"taxonomy":"post_tag","embeddable":true,"href":"https:\/\/webs.uab.cat\/jornadesdcs\/wp-json\/wp\/v2\/tags?post=733"}],"curies":[{"name":"wp","href":"https:\/\/api.w.org\/{rel}","templated":true}]}}