{"id":743,"date":"2023-11-09T12:02:21","date_gmt":"2023-11-09T12:02:21","guid":{"rendered":"https:\/\/webs.uab.cat\/jornadesdcs\/?p=743"},"modified":"2023-11-09T12:04:02","modified_gmt":"2023-11-09T12:04:02","slug":"3a-circular","status":"publish","type":"post","link":"https:\/\/webs.uab.cat\/jornadesdcs\/2023\/11\/09\/3a-circular\/","title":{"rendered":"XX Jornades Internacionals de Recerca en Did\u00e0ctica de les Ci\u00e8ncies Socials: 3a Circular"},"content":{"rendered":"\n<p>Benvolguts, benvolgudes,&nbsp;&nbsp;<\/p>\n\n\n\n<p>Us informem que els propers 7,8 i 9 de febrer del 2024 tindran lloc les XX Jornades Internacionals de Recerca en Did\u00e0ctica de les Ci\u00e8ncies Socials, organitzades per la&nbsp;Unitat Departamental de Did\u00e0ctica de les Ci\u00e8ncies Socials i GREDICS, de la Universitat Aut\u00f2noma de Barcelona.&nbsp;&nbsp;<\/p>\n\n\n\n<p>Aquest 2024 celebrarem el nostre XX\u00e8 aniversari amb la tem\u00e0tica&nbsp;<em>Canvis i continu\u00eftat en l&#8217;ensenyament de les Ci\u00e8ncies Socials<\/em>.&nbsp;&nbsp;&nbsp;&nbsp;<\/p>\n\n\n\n<p>Aquestes jornades s\u00f3n un punt de trobada per al professorat de prim\u00e0ria, secund\u00e0ria i universitari, on dialoguem i compartint problem\u00e0tiques i bones pr\u00e0ctiques sobre l&#8217;aprenentatge i ensenyament de les Ci\u00e8ncies Socials. &nbsp;<\/p>\n\n\n\n<p>Tota la informaci\u00f3&nbsp;&nbsp;al&nbsp;document en l&#8217;enlla\u00e7 <a href=\"https:\/\/uab-my.sharepoint.com\/:b:\/g\/personal\/1353822_uab_cat\/Edopw-Uvt1RJtg4_df3L4M8BSxO_nfCIo8pIWRA4MnqGlw?e=Yh80lc\" data-type=\"URL\" data-id=\"https:\/\/uab-my.sharepoint.com\/:b:\/g\/personal\/1353822_uab_cat\/Edopw-Uvt1RJtg4_df3L4M8BSxO_nfCIo8pIWRA4MnqGlw?e=Yh80lc\">3a circular<\/a>. <\/p>\n\n\n\n<p>Atentament,&nbsp;&nbsp;<\/p>\n\n\n\n<p>Grup GREDICS&nbsp;<\/p>\n","protected":false},"excerpt":{"rendered":"<p>Benvolguts, benvolgudes,&nbsp;&nbsp; Us informem que els propers 7,8 i 9 de febrer del 2024 tindran lloc les XX Jornades Internacionals de Recerca en Did\u00e0ctica de les Ci\u00e8ncies Socials, organitzades per la&nbsp;Unitat Departamental de Did\u00e0ctica de les Ci\u00e8ncies Socials i GREDICS, de la Universitat Aut\u00f2noma de Barcelona.&nbsp;&nbsp; Aquest 2024 celebrarem el nostre XX\u00e8 aniversari amb la [&hellip;]<\/p>\n","protected":false},"author":664,"featured_media":700,"comment_status":"closed","ping_status":"closed","sticky":false,"template":"","format":"standard","meta":{"footnotes":""},"categories":[27],"tags":[],"class_list":["post-743","post","type-post","status-publish","format-standard","has-post-thumbnail","hentry","category-xxjornades"],"_links":{"self":[{"href":"https:\/\/webs.uab.cat\/jornadesdcs\/wp-json\/wp\/v2\/posts\/743","targetHints":{"allow":["GET"]}}],"collection":[{"href":"https:\/\/webs.uab.cat\/jornadesdcs\/wp-json\/wp\/v2\/posts"}],"about":[{"href":"https:\/\/webs.uab.cat\/jornadesdcs\/wp-json\/wp\/v2\/types\/post"}],"author":[{"embeddable":true,"href":"https:\/\/webs.uab.cat\/jornadesdcs\/wp-json\/wp\/v2\/users\/664"}],"replies":[{"embeddable":true,"href":"https:\/\/webs.uab.cat\/jornadesdcs\/wp-json\/wp\/v2\/comments?post=743"}],"version-history":[{"count":3,"href":"https:\/\/webs.uab.cat\/jornadesdcs\/wp-json\/wp\/v2\/posts\/743\/revisions"}],"predecessor-version":[{"id":747,"href":"https:\/\/webs.uab.cat\/jornadesdcs\/wp-json\/wp\/v2\/posts\/743\/revisions\/747"}],"wp:featuredmedia":[{"embeddable":true,"href":"https:\/\/webs.uab.cat\/jornadesdcs\/wp-json\/wp\/v2\/media\/700"}],"wp:attachment":[{"href":"https:\/\/webs.uab.cat\/jornadesdcs\/wp-json\/wp\/v2\/media?parent=743"}],"wp:term":[{"taxonomy":"category","embeddable":true,"href":"https:\/\/webs.uab.cat\/jornadesdcs\/wp-json\/wp\/v2\/categories?post=743"},{"taxonomy":"post_tag","embeddable":true,"href":"https:\/\/webs.uab.cat\/jornadesdcs\/wp-json\/wp\/v2\/tags?post=743"}],"curies":[{"name":"wp","href":"https:\/\/api.w.org\/{rel}","templated":true}]}}