{"id":519,"date":"2023-07-06T12:34:37","date_gmt":"2023-07-06T10:34:37","guid":{"rendered":"https:\/\/webs.uab.cat\/lacomunitariauab\/?p=519"},"modified":"2023-07-06T13:07:18","modified_gmt":"2023-07-06T11:07:18","slug":"ja-tenim-data-per-la-3a-edicio","status":"publish","type":"post","link":"https:\/\/webs.uab.cat\/lacomunitariauab\/2023\/07\/06\/ja-tenim-data-per-la-3a-edicio\/","title":{"rendered":"Ja tenim data per la 3a edici\u00f3!"},"content":{"rendered":"\n<h2 class=\"wp-block-heading has-verd-tropic-color has-text-color\"><strong>El proper 3 d&#8217;Octubre de 2023 gaudirem d&#8217;una nova edici\u00f3 de<\/strong> La Comunit\u00e0ria UAB<\/h2>\n\n\n\n<p>Pocs dies despr\u00e8s de l&#8217;inici del nou curs acad\u00e8mic 2023-2024 donar\u00e0 tret de sortida una nova edici\u00f3 de La Comunit\u00e0ria UAB, al celebraci\u00f3 de la Universitat Aut\u00f2noma de Barcelona.<\/p>\n\n\n\n<p>Saps de que es tracta&#8230;? Et deixem un petit v\u00eddeo perqu\u00e8 li donis un cop d&#8217;ull i jutgis tu mateix si vols venir a celebrar-ho amb nosaltres!<\/p>\n\n\n\n<figure class=\"wp-block-embed is-type-video is-provider-youtube wp-block-embed-youtube wp-embed-aspect-16-9 wp-has-aspect-ratio\"><div class=\"wp-block-embed__wrapper\">\n<iframe loading=\"lazy\" title=\"Qu\u00e8 \u00e9s La Comunit\u00e0ria UAB?\" width=\"580\" height=\"326\" src=\"https:\/\/www.youtube.com\/embed\/jie6wDITAEc?feature=oembed\" frameborder=\"0\" allow=\"accelerometer; autoplay; clipboard-write; encrypted-media; gyroscope; picture-in-picture; web-share\" referrerpolicy=\"strict-origin-when-cross-origin\" allowfullscreen><\/iframe>\n<\/div><\/figure>\n\n\n\n<p>T&#8217;esperem el proper <strong>3 d&#8217;Octubre<\/strong> de 12h a 16h! <\/p>\n","protected":false},"excerpt":{"rendered":"<p>El proper 3 d&#8217;Octubre de 2023 gaudirem d&#8217;una nova edici\u00f3 de La Comunit\u00e0ria UAB.<\/p>\n","protected":false},"author":36,"featured_media":0,"comment_status":"closed","ping_status":"closed","sticky":false,"template":"","format":"standard","meta":{"footnotes":""},"categories":[],"tags":[],"class_list":["post-519","post","type-post","status-publish","format-standard","hentry"],"_links":{"self":[{"href":"https:\/\/webs.uab.cat\/lacomunitariauab\/wp-json\/wp\/v2\/posts\/519","targetHints":{"allow":["GET"]}}],"collection":[{"href":"https:\/\/webs.uab.cat\/lacomunitariauab\/wp-json\/wp\/v2\/posts"}],"about":[{"href":"https:\/\/webs.uab.cat\/lacomunitariauab\/wp-json\/wp\/v2\/types\/post"}],"author":[{"embeddable":true,"href":"https:\/\/webs.uab.cat\/lacomunitariauab\/wp-json\/wp\/v2\/users\/36"}],"replies":[{"embeddable":true,"href":"https:\/\/webs.uab.cat\/lacomunitariauab\/wp-json\/wp\/v2\/comments?post=519"}],"version-history":[{"count":4,"href":"https:\/\/webs.uab.cat\/lacomunitariauab\/wp-json\/wp\/v2\/posts\/519\/revisions"}],"predecessor-version":[{"id":526,"href":"https:\/\/webs.uab.cat\/lacomunitariauab\/wp-json\/wp\/v2\/posts\/519\/revisions\/526"}],"wp:attachment":[{"href":"https:\/\/webs.uab.cat\/lacomunitariauab\/wp-json\/wp\/v2\/media?parent=519"}],"wp:term":[{"taxonomy":"category","embeddable":true,"href":"https:\/\/webs.uab.cat\/lacomunitariauab\/wp-json\/wp\/v2\/categories?post=519"},{"taxonomy":"post_tag","embeddable":true,"href":"https:\/\/webs.uab.cat\/lacomunitariauab\/wp-json\/wp\/v2\/tags?post=519"}],"curies":[{"name":"wp","href":"https:\/\/api.w.org\/{rel}","templated":true}]}}