{"id":630,"date":"2017-03-06T16:43:21","date_gmt":"2017-03-06T14:43:21","guid":{"rendered":"https:\/\/webs.uab.cat\/laprec\/news\/seminario-educomunicacio-per-a-la-justicia-global\/"},"modified":"2017-03-06T16:43:21","modified_gmt":"2017-03-06T14:43:21","slug":"seminario-educomunicacio-per-a-la-justicia-global","status":"publish","type":"news","link":"https:\/\/webs.uab.cat\/laprec\/es\/news\/seminario-educomunicacio-per-a-la-justicia-global\/","title":{"rendered":"Seminario \u00abEducomunicaci\u00f3 per a la Just\u00edcia global\u00bb"},"content":{"rendered":"<p class=\"rtejustify\"><img loading=\"lazy\" decoding=\"async\" class=\" size-full wp-image-627\" alt=\"16649340_10150736907654960_2249214310867752770_n.jpg\" height=\"259\" src=\"https:\/\/webs.uab.cat\/laprec\/wp-content\/uploads\/sites\/240\/2017\/03\/16649340_10150736907654960_2249214310867752770_n.jpg\" width=\"350\" srcset=\"https:\/\/webs.uab.cat\/laprec\/wp-content\/uploads\/sites\/240\/2017\/03\/16649340_10150736907654960_2249214310867752770_n.jpg 800w, https:\/\/webs.uab.cat\/laprec\/wp-content\/uploads\/sites\/240\/2017\/03\/16649340_10150736907654960_2249214310867752770_n-300x222.jpg 300w, https:\/\/webs.uab.cat\/laprec\/wp-content\/uploads\/sites\/240\/2017\/03\/16649340_10150736907654960_2249214310867752770_n-768x567.jpg 768w\" sizes=\"auto, (max-width: 350px) 100vw, 350px\" \/><\/p>\n<p class=\"rtejustify\">La actividad, que cuenta con el apoyo de la Oficina de Cooperaci\u00f3n del Ayuntamiento de Barcelona, es un seminario te\u00f2rico-pr\u00e1ctico sobre educomunicaci\u00f3 para la Justicia Global. Se trata de 60 horas de encuentro y di\u00e1logo con invitados de Barcelona, el estado espa\u00f1ol y Am\u00e9rica Latina. Adem\u00e1s de las sesiones presenciales, habr\u00e1 una versi\u00f3n del seminario online, un concurso con becas para pr\u00e1cticas y la edici\u00f3n de un @e-book para sistematizar 10 experiencias realizadas en los \u00faltimos a\u00f1os en Barcelona.<\/p>\n<p class=\"rtejustify\">El seminario consta de&nbsp;3 m\u00f3dulos presenciales de 20h cada uno que se reparten de la siguiente forma:<\/p>\n<p class=\"rtejustify\">\n&#8211; 1r m\u00f3dulo: 24 y 25 de marzo \/ 31 de marzo y 1 de abril de 2017<br \/>\n&#8211; 2n m\u00f3dulo: 12 y 13 de mayo \/ 19 y 20 de mayo de 2017<br \/>\n&#8211; 3r m\u00f3dulo: 30 de junio y 1 de julio \/ 7 y 8 de julio de 2017<\/p>\n<p>S\u00f3lo hay 24 plazas y el precio por la inscripci\u00f3n var\u00eda en funci\u00f3n de la asistencia a cada m\u00f3dulo:&nbsp;90\u20ac (60hs) | 80\u20ac (40hs)|60\u20ac (20hs)<\/p>\n<p class=\"rtejustify\">Obt\u00e9n m\u00e1s informaci\u00f3n:&nbsp;<\/p>\n<p class=\"rtejustify\"><a href=\"https:\/\/www.facebook.com\/events\/387601494938235\/\">https:\/\/www.facebook.com\/events\/387601494938235\/<\/a><\/p>\n<p class=\"rtejustify\"><a href=\"https:\/\/youtu.be\/RHgwDqu7AK8\">https:\/\/youtu.be\/RHgwDqu7AK8<\/a><\/p>\n<p class=\"rtejustify\">&nbsp;<\/p>\n","protected":false},"excerpt":{"rendered":"<p>La actividad, que cuenta con el apoyo de la Oficina de Cooperaci\u00f3n del Ayuntamiento de Barcelona, es un seminario te\u00f2rico-pr\u00e1ctico sobre educomunicaci\u00f3 para la Justicia Global. Se trata de 60 horas de encuentro y di\u00e1logo con invitados de Barcelona, el estado espa\u00f1ol y Am\u00e9rica Latina. Adem\u00e1s de las sesiones presenciales, habr\u00e1 una versi\u00f3n del seminario [&hellip;]<\/p>\n","protected":false},"author":20,"featured_media":627,"template":"","class_list":["post-630","news","type-news","status-publish","has-post-thumbnail","hentry"],"_links":{"self":[{"href":"https:\/\/webs.uab.cat\/laprec\/es\/wp-json\/wp\/v2\/news\/630","targetHints":{"allow":["GET"]}}],"collection":[{"href":"https:\/\/webs.uab.cat\/laprec\/es\/wp-json\/wp\/v2\/news"}],"about":[{"href":"https:\/\/webs.uab.cat\/laprec\/es\/wp-json\/wp\/v2\/types\/news"}],"author":[{"embeddable":true,"href":"https:\/\/webs.uab.cat\/laprec\/es\/wp-json\/wp\/v2\/users\/20"}],"wp:featuredmedia":[{"embeddable":true,"href":"https:\/\/webs.uab.cat\/laprec\/es\/wp-json\/wp\/v2\/media\/627"}],"wp:attachment":[{"href":"https:\/\/webs.uab.cat\/laprec\/es\/wp-json\/wp\/v2\/media?parent=630"}],"curies":[{"name":"wp","href":"https:\/\/api.w.org\/{rel}","templated":true}]}}