{"id":738,"date":"2020-02-14T18:19:11","date_gmt":"2020-02-14T16:19:11","guid":{"rendered":"https:\/\/webs.uab.cat\/laprec\/news\/abiertas-las-inscripciones-para-el-curso-personas-refugiadas-de-palestina-y-periodismo-de-paz\/"},"modified":"2020-02-14T18:19:11","modified_gmt":"2020-02-14T16:19:11","slug":"abiertas-las-inscripciones-para-el-curso-personas-refugiadas-de-palestina-y-periodismo-de-paz","status":"publish","type":"news","link":"https:\/\/webs.uab.cat\/laprec\/es\/news\/abiertas-las-inscripciones-para-el-curso-personas-refugiadas-de-palestina-y-periodismo-de-paz\/","title":{"rendered":"Abiertas las inscripciones para el curso &#8216;Personas refugiadas de Palestina y Periodismo de Paz&#8217;"},"content":{"rendered":"<p>El Departamento de Periodismo y Ciencias de la Comunicaci\u00f3n de la UAB y la UNRWA Catalu\u00f1a organizan la formaci\u00f3n \u00abPersonas refugiadas de Palestina y Periodismo de Paz\u00bb. El curso, que cuenta con el apoyo del OMEC, tiene como objetivo fomentar la adquisici\u00f3n de conocimientos y habilidades sobre c\u00f3mo transversalizar el enfoque de g\u00e9nero y basado en derechos humanos en las coberturas medi\u00e1ticas de crisis humanitarias, conflictos y situaciones de refugiados, partiendo de la realidad concreta de las personas refugiadas de Palestina.<\/p>\n<p>El curso tendr\u00e1 lugar el viernes 6 de marzo y viernes 13 de marzo de 12h a 15h, en la Facultad de Periodismo y Ciencias de la Comunicaci\u00f3n de la Universidad Aut\u00f3noma de Barcelona.<\/p>\n<p>La estructura de las sesiones ser\u00e1 la siguiente:<\/p>\n<p>o Sesi\u00f3n 1- 06 de marzo:<\/p>\n<p>&nbsp;\u00bfQu\u00e9 es el periodismo de paz? \u00bfQu\u00e9 significa informar con enfoque de g\u00e9nero y derechos humanos?<\/p>\n<p>&nbsp;Agenda 2030 &#8211; ODS, poblaci\u00f3n refugiada de Palestina y responsabilidad desde el periodismo de paz y con perspectiva de g\u00e9nero.<\/p>\n<p>o Sesi\u00f3n 2- 13 de marzo:<\/p>\n<p>Marcos, narrativas e historias para una cobertura period\u00edstica desde el enfoque de g\u00e9nero y derechos humanos de conflictos, violencia y crisis humanitarias.<\/p>\n<p>El equipo formativo del curso estar\u00e1 formado por UNRWA Catalu\u00f1a y por la Asociaci\u00f3n de periodistas Lola Mora Producciones.<\/p>\n<p>La formaci\u00f3n est\u00e1 enmarcada en la asignatura Comunicaci\u00f3n, Cooperaci\u00f3n y Desarrollo, pero est\u00e1 abierta a todos los interesados. Para asistir, es necesario inscribirse enviando un correo electr\u00f3nico a catalunya@unrwa.es antes del d\u00eda 3 de marzo de 2020.<\/p>\n<p>Toda la informaci\u00f3n del curso est\u00e1 disponible <a href=\"https:\/\/unrwa.es\/actualidad\/agenda\/formacion-personas-refugiadas-de-palestina-y-periodismo-de-paz-como-informar-desde-un-enfoque-de-genero-y-basado-en-los-derechos-humanos-6mar\/\">aqu\u00ed<\/a>.<\/p>\n","protected":false},"excerpt":{"rendered":"<p>El Departamento de Periodismo y Ciencias de la Comunicaci\u00f3n de la UAB y la UNRWA Catalu\u00f1a organizan la formaci\u00f3n \u00abPersonas refugiadas de Palestina y Periodismo de Paz\u00bb. El curso, que cuenta con el apoyo del OMEC, tiene como objetivo fomentar la adquisici\u00f3n de conocimientos y habilidades sobre c\u00f3mo transversalizar el enfoque de g\u00e9nero y basado [&hellip;]<\/p>\n","protected":false},"author":20,"featured_media":0,"template":"","class_list":["post-738","news","type-news","status-publish","hentry"],"_links":{"self":[{"href":"https:\/\/webs.uab.cat\/laprec\/es\/wp-json\/wp\/v2\/news\/738","targetHints":{"allow":["GET"]}}],"collection":[{"href":"https:\/\/webs.uab.cat\/laprec\/es\/wp-json\/wp\/v2\/news"}],"about":[{"href":"https:\/\/webs.uab.cat\/laprec\/es\/wp-json\/wp\/v2\/types\/news"}],"author":[{"embeddable":true,"href":"https:\/\/webs.uab.cat\/laprec\/es\/wp-json\/wp\/v2\/users\/20"}],"wp:attachment":[{"href":"https:\/\/webs.uab.cat\/laprec\/es\/wp-json\/wp\/v2\/media?parent=738"}],"curies":[{"name":"wp","href":"https:\/\/api.w.org\/{rel}","templated":true}]}}