{"id":744,"date":"2020-03-10T12:12:08","date_gmt":"2020-03-10T10:12:08","guid":{"rendered":"https:\/\/webs.uab.cat\/laprec\/news\/designis-celebra-20-anos-con-la-participacion-de-la-directora-del-laprec-teresa-velazquez\/"},"modified":"2020-03-10T12:12:08","modified_gmt":"2020-03-10T10:12:08","slug":"designis-celebra-20-anos-con-la-participacion-de-la-directora-del-laprec-teresa-velazquez","status":"publish","type":"news","link":"https:\/\/webs.uab.cat\/laprec\/es\/news\/designis-celebra-20-anos-con-la-participacion-de-la-directora-del-laprec-teresa-velazquez\/","title":{"rendered":"deSignis celebra 20 a\u00f1os con la participaci\u00f3n de la directora del LAPREC, Teresa Vel\u00e1zquez"},"content":{"rendered":"<p>La revista especializada deSignis celebr\u00f3 veinte a\u00f1os con el&nbsp;<em>Coloquio internacional Intersecciones en la esfera p\u00fablica. Nuevos actores, nuevas interacciones&nbsp;<\/em>que tuvo lugar en Paris entre el diez y el doce de febrero. En el encuentro participaron la directora del LAPREC, Teresa Vel\u00e1zquez, y la investigadora del grupo, Lucrecia Escudero, as\u00ed como diferentes acad\u00e9micos que analizaron temas de actualidad, como las protestas sociales en Chile o la importancia de la mediatizaci\u00f3n de la pol\u00edtica.<\/p>\n<p>El Coloquio internacional deSigniS2020 es la culminaci\u00f3n de dos a\u00f1os de trabajo, 2017 y 2018, en los que se ha preparado el n\u00famero 31 de la publicaci\u00f3n, que lleva por t\u00edtulo: <em>Populismo (s), <\/em>cuyo &nbsp;trabajo se ha llevado a cabo con el Laboratorio CERMA-Mondes Am\u00e9ricaines de la EHESS; as\u00ed como se ha trabajado en la edici\u00f3n del n\u00famero 30, sobre <em>Cibercultura<\/em>, en el que se colabor\u00f3 con la Universidad de Puerto Rico.<\/p>\n<p>El primer n\u00famero fue publicado en el a\u00f1o 2000, con una actividad acad\u00e9mica en colaboraci\u00f3n con la Federaci\u00f3n Latinoamericana de Semi\u00f3tica (FELS), la Asociaci\u00f3n Espa\u00f1ola de Semi\u00f3tica (AES) y los auspicios de la Fondation Argentine \/ Ministerio de Educaci\u00f3n de la Rep\u00fablica Argentina. Con 31 n\u00fameros, 500 autores publicados y varias intersecciones tem\u00e1ticas en preparaci\u00f3n, deSigniS2020 se centrar\u00e1 en las interacciones que producen los procesos de mediatizaci\u00f3n en la esfera p\u00fablica.<\/p>\n<p>El Coloquio ampl\u00eda la perspectiva a otros dominios sociales como el populismo, el discurso pol\u00edtico, la semi\u00f3tica de la cultura, la historia o los estudios sobre memoria.<\/p>\n","protected":false},"excerpt":{"rendered":"<p>La revista especializada deSignis celebr\u00f3 veinte a\u00f1os con el&nbsp;Coloquio internacional Intersecciones en la esfera p\u00fablica. Nuevos actores, nuevas interacciones&nbsp;que tuvo lugar en Paris entre el diez y el doce de febrero. En el encuentro participaron la directora del LAPREC, Teresa Vel\u00e1zquez, y la investigadora del grupo, Lucrecia Escudero, as\u00ed como diferentes acad\u00e9micos que analizaron temas [&hellip;]<\/p>\n","protected":false},"author":20,"featured_media":0,"template":"","class_list":["post-744","news","type-news","status-publish","hentry"],"_links":{"self":[{"href":"https:\/\/webs.uab.cat\/laprec\/es\/wp-json\/wp\/v2\/news\/744","targetHints":{"allow":["GET"]}}],"collection":[{"href":"https:\/\/webs.uab.cat\/laprec\/es\/wp-json\/wp\/v2\/news"}],"about":[{"href":"https:\/\/webs.uab.cat\/laprec\/es\/wp-json\/wp\/v2\/types\/news"}],"author":[{"embeddable":true,"href":"https:\/\/webs.uab.cat\/laprec\/es\/wp-json\/wp\/v2\/users\/20"}],"wp:attachment":[{"href":"https:\/\/webs.uab.cat\/laprec\/es\/wp-json\/wp\/v2\/media?parent=744"}],"curies":[{"name":"wp","href":"https:\/\/api.w.org\/{rel}","templated":true}]}}