{"id":577,"date":"2013-06-11T13:21:53","date_gmt":"2013-06-11T11:21:53","guid":{"rendered":"https:\/\/webs.uab.cat\/laprec\/news\/noves-places-pel-master-mim-i-la-diplomatura-de-postgrau\/"},"modified":"2013-06-11T13:21:53","modified_gmt":"2013-06-11T11:21:53","slug":"noves-places-pel-master-mim-i-la-diplomatura-de-postgrau","status":"publish","type":"news","link":"https:\/\/webs.uab.cat\/laprec\/news\/noves-places-pel-master-mim-i-la-diplomatura-de-postgrau\/","title":{"rendered":"Noves places pel Master MIM i la Diplomatura de Postgrau"},"content":{"rendered":"<p class=\"rtejustify\">Al setembre de 2013 comen\u00e7ar\u00e0 la 11\u00aa edici\u00f3 del M\u00e0ster MIM i la 6\u00aa edici\u00f3 de la Diplomatura de Postgrau en Comunicaci\u00f3, Cooperaci\u00f3 Internacional i Mediaci\u00f3 Sociocultural en el Mediterrani. El M\u00e0ster MIM \u00e9s un programa formatiu interdisciplinar organitzat i impartit conjuntament per la Universitat Aut\u00f2noma de Barcelona (UAB), la Universit\u00e0 Ca&#8217;Foscari de Ven\u00e8cia i la Universit\u00e9 Paul Val\u00e9ry-Montpellier 3. El m\u00e0ster \u00e9s itinerant, el salumnes estudien 3 mesos a cadascuna de les universitats i, posteriorment, realitzen un per\u00edode de pr\u00e0ctiques professionals en organitzaciones, institucions o empreses vinculades a l&#8217;\u00e0mbit mediterrani. D&#8217;aquesta manera, els alumnes del MIM tenen l&#8217;oportunitat de formar-se com a mediadors socio-culturals entre les diferents societats del Mediterrani i adquirir coneixements te\u00f2rics i pr\u00e0ctics de l&#8217;estructura socio-pol\u00edtica i econ\u00f2mica dels pa\u00efsps que integren la regi\u00f3. Al 2010, el MIM va ser reconegut amb una Mencio d&#8217;Excel\u00e8ncia otorgada per l&#8217;Oficina Mediterr\u00e0nia de la Joventut. Les lleng\u00fces del m\u00e0ster s\u00f3n el castell\u00e0, el franc\u00e8s, l&#8217;itali\u00e0 i l&#8217;angl\u00e8s. S&#8217;oferten nivelles de llengua \u00e0rab.<\/p>\n<p class=\"rtejustify\">La Diplomatura, per la seva part, est\u00e0 destinada a la formaci\u00f3 de professionals que vulguin fer front als processos d&#8217;integraci\u00f3 euromediterranis derivats dels fluxos migratoris a la regi\u00f3 i dels contextos interculturales sorgits en conseq\u00fc\u00e8ncia, on la cooperaci\u00f3 internacional i la mediaci\u00f3 juguen un paper clau. La Diplomatura ofereix als alumnes per\u00edodes de pr\u00e0ctiques reglades a organitzaciones d&#8217;\u00e0mbit mediterrani. A difer\u00e8ncia del M\u00e0ster MIM, la doc\u00e8ncia corre a c\u00e0rrec \u00edntegrament de la Universitat Aut\u00f2noma de Barcelona (UAB)<\/p>\n<p class=\"rtejustify\">Per mes informaci\u00f3 i per trobar el formulari d&#8217;admissi\u00f3 al M\u00e0ster o la Diplomatura entra a: <a href=\"http:\/\/mastermim.uab.es\">http:\/\/mastermim.uab.es<\/a><\/p>\n<div id='gallery-1' class='gallery galleryid-577 gallery-columns-3 gallery-size-thumbnail'><figure class='gallery-item'>\n\t\t\t<div class='gallery-icon landscape'>\n\t\t\t\t<a href='https:\/\/webs.uab.cat\/laprec\/news\/open-admission-year-2013-2014-european-master-intermediterranean-mediation\/attachment-mimnoicia1\/'><img loading=\"lazy\" decoding=\"async\" width=\"150\" height=\"67\" src=\"https:\/\/webs.uab.cat\/laprec\/wp-content\/uploads\/sites\/240\/2013\/06\/MIMnoicia1-150x67.jpg\" class=\"attachment-thumbnail size-thumbnail\" alt=\"MIMnoicia1\" \/><\/a>\n\t\t\t<\/div><\/figure>\n\t\t<\/div>\n\n","protected":false},"excerpt":{"rendered":"<p>Al setembre de 2013 comen\u00e7ar\u00e0 la 11\u00aa edici\u00f3 del M\u00e0ster MIM i la 6\u00aa edici\u00f3 de la Diplomatura de Postgrau en Comunicaci\u00f3, Cooperaci\u00f3 Internacional i Mediaci\u00f3 Sociocultural en el Mediterrani. El M\u00e0ster MIM \u00e9s un programa formatiu interdisciplinar organitzat i impartit conjuntament per la Universitat Aut\u00f2noma de Barcelona (UAB), la Universit\u00e0 Ca&#8217;Foscari de Ven\u00e8cia i [&hellip;]<\/p>\n","protected":false},"author":20,"featured_media":495,"template":"","class_list":["post-577","news","type-news","status-publish","has-post-thumbnail","hentry"],"_links":{"self":[{"href":"https:\/\/webs.uab.cat\/laprec\/wp-json\/wp\/v2\/news\/577","targetHints":{"allow":["GET"]}}],"collection":[{"href":"https:\/\/webs.uab.cat\/laprec\/wp-json\/wp\/v2\/news"}],"about":[{"href":"https:\/\/webs.uab.cat\/laprec\/wp-json\/wp\/v2\/types\/news"}],"author":[{"embeddable":true,"href":"https:\/\/webs.uab.cat\/laprec\/wp-json\/wp\/v2\/users\/20"}],"wp:featuredmedia":[{"embeddable":true,"href":"https:\/\/webs.uab.cat\/laprec\/wp-json\/wp\/v2\/media\/495"}],"wp:attachment":[{"href":"https:\/\/webs.uab.cat\/laprec\/wp-json\/wp\/v2\/media?parent=577"}],"curies":[{"name":"wp","href":"https:\/\/api.w.org\/{rel}","templated":true}]}}