{"id":637,"date":"2017-03-21T13:05:53","date_gmt":"2017-03-21T11:05:53","guid":{"rendered":"https:\/\/webs.uab.cat\/laprec\/news\/presentacio-del-llibre-comunicacio-educacio-i-compromis-social\/"},"modified":"2017-03-21T13:05:53","modified_gmt":"2017-03-21T11:05:53","slug":"presentacio-del-llibre-comunicacio-educacio-i-compromis-social","status":"publish","type":"news","link":"https:\/\/webs.uab.cat\/laprec\/news\/presentacio-del-llibre-comunicacio-educacio-i-compromis-social\/","title":{"rendered":"Presentaci\u00f3 del llibre &#8220;Comunicaci\u00f3, educaci\u00f3 i comprom\u00eds social&#8221;"},"content":{"rendered":"<p class=\"rtejustify\">El CSil forma part amb el Laprec del grup de recerca concolidat&nbsp;de la Generalitat de Catalunya (SGR-GRC 13888). Un dels cap\u00edtols del llibre que es presenta contindr\u00e0 refer\u00e8ncies al projecte de recerca recentment concl\u00f2s&nbsp;i&nbsp;dirigit per la directora del Laprec, la Dra. Teresa Vel\u00e1zquez, &#8220;La construcci\u00f3 social de l&#8217;espai euromediterr\u00e0ni&nbsp;en els mitjans de comunicaci\u00f3. La informaci\u00f3 en premsa i televisi\u00f3&#8221; (CSO2008-01579\/SOCI).<\/p>\n<p>Intervindran en l&#8217;acte&nbsp;Salom\u00f3 Marqu\u00e8s, professor jubilat&nbsp;de la UdG, Laia&nbsp;P\u00e8lach, educadora i els editors del llibre, Llu\u00eds Costa i M\u00f2nica Punt\u00ed.<\/p>\n<p><img loading=\"lazy\" decoding=\"async\" class=\" size-full wp-image-633\" alt=\"\" height=\"380\" src=\"https:\/\/webs.uab.cat\/laprec\/wp-content\/uploads\/sites\/240\/2017\/03\/presentacio_llibre.png\" width=\"800\" srcset=\"https:\/\/webs.uab.cat\/laprec\/wp-content\/uploads\/sites\/240\/2017\/03\/presentacio_llibre.png 800w, https:\/\/webs.uab.cat\/laprec\/wp-content\/uploads\/sites\/240\/2017\/03\/presentacio_llibre-300x143.png 300w, https:\/\/webs.uab.cat\/laprec\/wp-content\/uploads\/sites\/240\/2017\/03\/presentacio_llibre-768x365.png 768w\" sizes=\"auto, (max-width: 800px) 100vw, 800px\" \/><\/p>\n","protected":false},"excerpt":{"rendered":"<p>El CSil forma part amb el Laprec del grup de recerca concolidat&nbsp;de la Generalitat de Catalunya (SGR-GRC 13888). Un dels cap\u00edtols del llibre que es presenta contindr\u00e0 refer\u00e8ncies al projecte de recerca recentment concl\u00f2s&nbsp;i&nbsp;dirigit per la directora del Laprec, la Dra. Teresa Vel\u00e1zquez, &#8220;La construcci\u00f3 social de l&#8217;espai euromediterr\u00e0ni&nbsp;en els mitjans de comunicaci\u00f3. La informaci\u00f3 [&hellip;]<\/p>\n","protected":false},"author":20,"featured_media":633,"template":"","class_list":["post-637","news","type-news","status-publish","has-post-thumbnail","hentry"],"_links":{"self":[{"href":"https:\/\/webs.uab.cat\/laprec\/wp-json\/wp\/v2\/news\/637","targetHints":{"allow":["GET"]}}],"collection":[{"href":"https:\/\/webs.uab.cat\/laprec\/wp-json\/wp\/v2\/news"}],"about":[{"href":"https:\/\/webs.uab.cat\/laprec\/wp-json\/wp\/v2\/types\/news"}],"author":[{"embeddable":true,"href":"https:\/\/webs.uab.cat\/laprec\/wp-json\/wp\/v2\/users\/20"}],"wp:featuredmedia":[{"embeddable":true,"href":"https:\/\/webs.uab.cat\/laprec\/wp-json\/wp\/v2\/media\/633"}],"wp:attachment":[{"href":"https:\/\/webs.uab.cat\/laprec\/wp-json\/wp\/v2\/media?parent=637"}],"curies":[{"name":"wp","href":"https:\/\/api.w.org\/{rel}","templated":true}]}}