{"id":104,"date":"2011-11-21T12:02:15","date_gmt":"2011-11-21T11:02:15","guid":{"rendered":"http:\/\/obmec.wordpress.com\/?p=104"},"modified":"2011-11-21T12:02:15","modified_gmt":"2011-11-21T11:02:15","slug":"cap-a-una-nova-regio-mediterrania-lassoliment-de-la-transicio-fonamental","status":"publish","type":"post","link":"https:\/\/webs.uab.cat\/laprec\/2011\/11\/21\/cap-a-una-nova-regio-mediterrania-lassoliment-de-la-transicio-fonamental\/","title":{"rendered":"\u00abCap a una nova regi\u00f3 mediterr\u00e0nia: l&#8217;assoliment de la transici\u00f3 fonamental\u00bb"},"content":{"rendered":"<div>\n<div>\n<p style=\"text-align:justify\">F\u00e9mis ha publicat el seu informe anual 2011 sobre l&#8217;Associaci\u00f3 Euromediterr\u00e0nia i la situaci\u00f3 dels pa\u00efsos del sud de la Mediterr\u00e0nia. Aquest any\u00a0\u00a0 l&#8217;informe se centra en la regi\u00f3 de la Mediterr\u00e0nia i la seva transici\u00f3 fonamental cap a una nova era.<\/p>\n<p style=\"text-align:justify\">\u00a0A la primera part de l&#8217;informe s&#8217;aborden els seg\u00fcents temes: (i) un panorama general de la situaci\u00f3 macro-econ\u00f2mica, (ii) el col\u00b7lapse del model de negoci autoritari que prevalia abans de la crisi (i que encara avui preval en certs membres del Parlament) per determinar les mesures que s&#8217;han de prendre per transformar-lo en un model de democr\u00e0cia, (iii) la import\u00e0ncia decisiva dels joves en els pa\u00efsos mediterranis durant vint anys, (iv) les possibilitats comercials addicionals que podrien mobilitzar entre la UE i els seus socis mediterranis. A la segona part, l&#8217;informe aborda la situaci\u00f3 actual de les economies del sud del Mediterrani que es tracten, pa\u00eds per pa\u00eds.<\/p>\n<p><a href=\"http:\/\/omec.uab.cat\/Documentos\/dades_med\/0184.pdf\" target=\"_blank\" rel=\"noopener noreferrer\">Descarregueu la versi\u00f3 en angl\u00e8s de l&#8217;Informe<\/a> a la web de l&#8217;OMEC.<\/p>\n<\/div>\n<\/div>\n","protected":false},"excerpt":{"rendered":"<p>F\u00e9mis ha publicat el seu informe anual 2011 sobre l&#8217;Associaci\u00f3 Euromediterr\u00e0nia i la situaci\u00f3 dels pa\u00efsos del sud de la Mediterr\u00e0nia. Aquest any\u00a0\u00a0 l&#8217;informe se centra en la regi\u00f3 de la Mediterr\u00e0nia i la seva transici\u00f3 fonamental cap a una nova era. \u00a0A la primera part de l&#8217;informe s&#8217;aborden els seg\u00fcents temes: (i) un panorama [&hellip;]<\/p>\n","protected":false},"author":20,"featured_media":0,"comment_status":"open","ping_status":"open","sticky":false,"template":"","format":"standard","meta":{"footnotes":""},"categories":[47],"tags":[90,208,209,210,211,212,213,214],"class_list":["post-104","post","type-post","status-publish","format-standard","hentry","category-omec","tag-90","tag-euromed","tag-femise","tag-informe-asociacion-euromediterranea","tag-mediterranea","tag-nova-era","tag-regio","tag-transicio"],"_links":{"self":[{"href":"https:\/\/webs.uab.cat\/laprec\/wp-json\/wp\/v2\/posts\/104","targetHints":{"allow":["GET"]}}],"collection":[{"href":"https:\/\/webs.uab.cat\/laprec\/wp-json\/wp\/v2\/posts"}],"about":[{"href":"https:\/\/webs.uab.cat\/laprec\/wp-json\/wp\/v2\/types\/post"}],"author":[{"embeddable":true,"href":"https:\/\/webs.uab.cat\/laprec\/wp-json\/wp\/v2\/users\/20"}],"replies":[{"embeddable":true,"href":"https:\/\/webs.uab.cat\/laprec\/wp-json\/wp\/v2\/comments?post=104"}],"version-history":[{"count":0,"href":"https:\/\/webs.uab.cat\/laprec\/wp-json\/wp\/v2\/posts\/104\/revisions"}],"wp:attachment":[{"href":"https:\/\/webs.uab.cat\/laprec\/wp-json\/wp\/v2\/media?parent=104"}],"wp:term":[{"taxonomy":"category","embeddable":true,"href":"https:\/\/webs.uab.cat\/laprec\/wp-json\/wp\/v2\/categories?post=104"},{"taxonomy":"post_tag","embeddable":true,"href":"https:\/\/webs.uab.cat\/laprec\/wp-json\/wp\/v2\/tags?post=104"}],"curies":[{"name":"wp","href":"https:\/\/api.w.org\/{rel}","templated":true}]}}