{"id":116,"date":"2011-12-05T11:24:03","date_gmt":"2011-12-05T10:24:03","guid":{"rendered":"http:\/\/obmec.wordpress.com\/?p=116"},"modified":"2011-12-05T11:24:03","modified_gmt":"2011-12-05T10:24:03","slug":"tweets-desde-libia","status":"publish","type":"post","link":"https:\/\/webs.uab.cat\/laprec\/2011\/12\/05\/tweets-desde-libia\/","title":{"rendered":"Tweets desde Libia"},"content":{"rendered":"<p>Los medios de comunicaci\u00f3n en Libia est\u00e1n en plena eclosi\u00f3n. J\u00f3venes periodistas voluntarios trabajan a diario, desde el mes de febrero, en prensa, radio y televisi\u00f3n. Estos j\u00f3venes profesionales, en la mayor\u00eda de casos con s\u00f3lo algunos meses de experiencia, est\u00e1n poniendo en pr\u00e1ctica importantes principios de la libertad de expresi\u00f3n, el pluralismo y la diversidad.<\/p>\n<p>Las estaciones de radio multiling\u00fces e interactivas permiten al p\u00fablico expresar libremente sus puntos de vista. Los peri\u00f3dicos est\u00e1n ofreciendo informaci\u00f3n valiosa y \u00fatil sobre los retos de la democracia que est\u00e1 naciendo en Libia. Los activistas de la sociedad civil usan una gran variedad de herramientas para permitir el surgimiento de la opini\u00f3n p\u00fablica.<\/p>\n<p>A continuaci\u00f3n, una selecci\u00f3n de los interesantes tweets que se emiten desde Libia:<\/p>\n<blockquote><p>#Tripoli(17): Feel privileged to have been here, witnessing briefly the birth of new #libya. Enriched by determination to peace, to 1 Libya<\/p>\n<p>#Tripoli(16): In old town. Crowded, joyful, majority of women alone, with others, leisure walk, gold on display. Green red black everywhere<\/p>\n<p>#Tripoli(15): National-based #TV change hand yesterday in show of force. State, political or private re-control? Cannot guess yet. #libya<\/p><\/blockquote>\n<p>Fuente y m\u00e1s informaci\u00f3n: <a href=\"http:\/\/www.article19.org\/resources.php\/resource\/2818\/en\/tweets-from-libya\" target=\"_blank\" rel=\"noopener noreferrer\">Article19.org<\/a><\/p>\n","protected":false},"excerpt":{"rendered":"<p>Los medios de comunicaci\u00f3n en Libia est\u00e1n en plena eclosi\u00f3n. J\u00f3venes periodistas voluntarios trabajan a diario, desde el mes de febrero, en prensa, radio y televisi\u00f3n. Estos j\u00f3venes profesionales, en la mayor\u00eda de casos con s\u00f3lo algunos meses de experiencia, est\u00e1n poniendo en pr\u00e1ctica importantes principios de la libertad de expresi\u00f3n, el pluralismo y la [&hellip;]<\/p>\n","protected":false},"author":20,"featured_media":0,"comment_status":"open","ping_status":"open","sticky":false,"template":"","format":"standard","meta":{"footnotes":""},"categories":[47,52],"tags":[225,226,227,228,229,230,219,231],"class_list":["post-116","post","type-post","status-publish","format-standard","hentry","category-omec","category-uncategorized","tag-article19","tag-article19-org","tag-democracia","tag-eclosion","tag-libertad-de-expresion","tag-libia","tag-primavera-arabe","tag-revolucion"],"_links":{"self":[{"href":"https:\/\/webs.uab.cat\/laprec\/wp-json\/wp\/v2\/posts\/116","targetHints":{"allow":["GET"]}}],"collection":[{"href":"https:\/\/webs.uab.cat\/laprec\/wp-json\/wp\/v2\/posts"}],"about":[{"href":"https:\/\/webs.uab.cat\/laprec\/wp-json\/wp\/v2\/types\/post"}],"author":[{"embeddable":true,"href":"https:\/\/webs.uab.cat\/laprec\/wp-json\/wp\/v2\/users\/20"}],"replies":[{"embeddable":true,"href":"https:\/\/webs.uab.cat\/laprec\/wp-json\/wp\/v2\/comments?post=116"}],"version-history":[{"count":0,"href":"https:\/\/webs.uab.cat\/laprec\/wp-json\/wp\/v2\/posts\/116\/revisions"}],"wp:attachment":[{"href":"https:\/\/webs.uab.cat\/laprec\/wp-json\/wp\/v2\/media?parent=116"}],"wp:term":[{"taxonomy":"category","embeddable":true,"href":"https:\/\/webs.uab.cat\/laprec\/wp-json\/wp\/v2\/categories?post=116"},{"taxonomy":"post_tag","embeddable":true,"href":"https:\/\/webs.uab.cat\/laprec\/wp-json\/wp\/v2\/tags?post=116"}],"curies":[{"name":"wp","href":"https:\/\/api.w.org\/{rel}","templated":true}]}}