{"id":124,"date":"2011-12-07T13:24:21","date_gmt":"2011-12-07T12:24:21","guid":{"rendered":"http:\/\/obmec.wordpress.com\/2011\/12\/07\/lhora-del-canvi-per-a-les-televisions-arabs-publiques\/"},"modified":"2011-12-07T13:24:21","modified_gmt":"2011-12-07T12:24:21","slug":"lhora-del-canvi-per-a-les-televisions-arabs-publiques","status":"publish","type":"post","link":"https:\/\/webs.uab.cat\/laprec\/2011\/12\/07\/lhora-del-canvi-per-a-les-televisions-arabs-publiques\/","title":{"rendered":"\u00abL\u2019HORA DEL CANVI PER A LES TELEVISIONS \u00c0RABS P\u00daBLIQUES\u00bb"},"content":{"rendered":"<p>En el marc del projecte de <em>Enfortiment del servei p\u00fablic audiovisual als pa\u00efsos del Magreb i el Mashrek<\/em>, l\u2019Observatori Mediterrani de la Comunicaci\u00f3 (OMEC-UAB) i l\u2019Institut Panos Par\u00eds (Fran\u00e7a) organitzen els dies 9 i 10 de desembre d\u2019enguany, a Amman (Jord\u00e0nia) una conferencia internacional centrada en <strong>\u201cL\u2019hora del canvi per a les televisions \u00e0rabs p\u00fabliques\u201d<\/strong>\u00a0.<\/p>\n<p>\u00a0<\/p>\n<p>\u00a0\u00a0\u00a0\u00a0\u00a0\u00a0\u00a0\u00a0\u00a0\u00a0\u00a0\u00a0\u00a0\u00a0\u00a0 Aquesta trobada presentar\u00e0 els resultats i conclusions dels estudis d\u2019an\u00e0lisi que es van posar en marxa el 2010 per part d\u2019organitzacions de la societat civil i experts del Marroc, Alg\u00e8ria, Tun\u00edsia, L\u00edban, Jord\u00e0nia, S\u00edria, Egipte i els Territoris Palestins. Per primera vegada\u00a0 a la regi\u00f3, es disposa de dades fiables que permeten establir una diagnosi precisa i rigorosa sobre la forma en qu\u00e8 les televisions estatals de vuit pa\u00efsos acompleixen la seva missi\u00f3 de servei p\u00fablic i sobre la percepci\u00f3 i expectatives dels telespectadors.<\/p>\n<p>\u00a0<\/p>\n<p>\u00a0\u00a0\u00a0\u00a0\u00a0\u00a0\u00a0\u00a0\u00a0\u00a0\u00a0\u00a0\u00a0\u00a0\u00a0 Amb la pres\u00e8ncia dels socis i parts interessades en el projecte, la confer\u00e8ncia d\u2019Amman reunir\u00e0 una seixantena de professionals dels mitjans de comunicaci\u00f3, experts, representants de la societat civil, i tamb\u00e9 responsables de les televisions p\u00fabliques i dels ministeris provinents dels vuit pa\u00efsos inclosos al projecte. L\u2019objectiu de la reuni\u00f3 \u00e9s recollir recomanacions concretes i consensuades sobre l\u2019enfortiment de la missi\u00f3 de servei p\u00fablic a la regi\u00f3. Les recomanacions que s\u2019adoptin a la confer\u00e8ncia serviran de base per a la posada en marxa de nous debats p\u00fablics i com a eina de negociaci\u00f3 amb els responsables de la pressa de decisions dels vuit pa\u00efsos que participen al projecte.<\/p>\n<p>\u00a0<\/p>\n<p>\u00a0\u00a0\u00a0\u00a0\u00a0\u00a0\u00a0\u00a0\u00a0\u00a0\u00a0\u00a0\u00a0\u00a0\u00a0 Han confirmat la seva assist\u00e8ncia a la confer\u00e8ncia el sr. Carles Llorens, Director general de Cooperaci\u00f3 de la Generalitat de Catalunya, i la periodista Rosa Maria Calaf, membre del Consell Assessor de TV3.<\/p>\n","protected":false},"excerpt":{"rendered":"<p>En el marc del projecte de Enfortiment del servei p\u00fablic audiovisual als pa\u00efsos del Magreb i el Mashrek, l\u2019Observatori Mediterrani de la Comunicaci\u00f3 (OMEC-UAB) i l\u2019Institut Panos Par\u00eds (Fran\u00e7a) organitzen els dies 9 i 10 de desembre d\u2019enguany, a Amman (Jord\u00e0nia) una conferencia internacional centrada en \u201cL\u2019hora del canvi per a les televisions \u00e0rabs p\u00fabliques\u201d\u00a0. [&hellip;]<\/p>\n","protected":false},"author":20,"featured_media":0,"comment_status":"open","ping_status":"open","sticky":false,"template":"","format":"standard","meta":{"footnotes":""},"categories":[52],"tags":[240,162,241,242,243,244,245],"class_list":["post-124","post","type-post","status-publish","format-standard","hentry","category-uncategorized","tag-amman","tag-comunicacio","tag-debat","tag-jordania","tag-omec","tag-panos-paris","tag-televisio-publica"],"_links":{"self":[{"href":"https:\/\/webs.uab.cat\/laprec\/wp-json\/wp\/v2\/posts\/124","targetHints":{"allow":["GET"]}}],"collection":[{"href":"https:\/\/webs.uab.cat\/laprec\/wp-json\/wp\/v2\/posts"}],"about":[{"href":"https:\/\/webs.uab.cat\/laprec\/wp-json\/wp\/v2\/types\/post"}],"author":[{"embeddable":true,"href":"https:\/\/webs.uab.cat\/laprec\/wp-json\/wp\/v2\/users\/20"}],"replies":[{"embeddable":true,"href":"https:\/\/webs.uab.cat\/laprec\/wp-json\/wp\/v2\/comments?post=124"}],"version-history":[{"count":0,"href":"https:\/\/webs.uab.cat\/laprec\/wp-json\/wp\/v2\/posts\/124\/revisions"}],"wp:attachment":[{"href":"https:\/\/webs.uab.cat\/laprec\/wp-json\/wp\/v2\/media?parent=124"}],"wp:term":[{"taxonomy":"category","embeddable":true,"href":"https:\/\/webs.uab.cat\/laprec\/wp-json\/wp\/v2\/categories?post=124"},{"taxonomy":"post_tag","embeddable":true,"href":"https:\/\/webs.uab.cat\/laprec\/wp-json\/wp\/v2\/tags?post=124"}],"curies":[{"name":"wp","href":"https:\/\/api.w.org\/{rel}","templated":true}]}}