{"id":2627,"date":"2011-03-28T07:47:43","date_gmt":"2011-03-28T06:47:43","guid":{"rendered":"http:\/\/obmec.wordpress.com\/?p=26"},"modified":"2011-03-28T07:47:43","modified_gmt":"2011-03-28T06:47:43","slug":"proyecto-de-fortalecimiento-del-servicio-publico-audiovisual","status":"publish","type":"post","link":"https:\/\/webs.uab.cat\/laprec\/2011\/03\/28\/proyecto-de-fortalecimiento-del-servicio-publico-audiovisual\/","title":{"rendered":"Proyecto de fortalecimiento del servicio p\u00fablico audiovisual"},"content":{"rendered":"<p style=\"text-align:justify\">Ya es posible consultar en el apartado de <a href=\"http:\/\/omec.uab.es\/objetivos.php\">Proyectos y actividades<\/a> de la web del OMEC el resumen del proyecto de <a href=\"http:\/\/omec.uab.es\/objetivos-proyecto_PANOS.php\">Fortalecimiento de la misi\u00f3n de servicio p\u00fablico audiovisual en los pa\u00edses del Magreb y el Mashreq<\/a>. Se trata de un proyecto que desarrolla el consorcio formado por el Instituto Panos Par\u00eds y el Observatorio Mediterr\u00e1neo de la Comunicaci\u00f3n. El principal finanzador es l&#8217;<a href=\"http:\/\/www20.gencat.cat\/portal\/site\/cooperaciocatalana\">Ag\u00e8ncia Catalana de Cooperaci\u00f3 al Desenvolupament<\/a> &#8211; ACCD.<\/p>\n","protected":false},"excerpt":{"rendered":"<p>Ya es posible consultar en el apartado de Proyectos y actividades de la web del OMEC el resumen del proyecto de Fortalecimiento de la misi\u00f3n de servicio p\u00fablico audiovisual en los pa\u00edses del Magreb y el Mashreq. Se trata de un proyecto que desarrolla el consorcio formado por el Instituto Panos Par\u00eds y el Observatorio [&hellip;]<\/p>\n","protected":false},"author":20,"featured_media":0,"comment_status":"open","ping_status":"open","sticky":false,"template":"","format":"standard","meta":{"footnotes":""},"categories":[65],"tags":[66,67,68,69,70],"class_list":["post-2627","post","type-post","status-publish","format-standard","hentry","category-proyectos","tag-accd","tag-agencia-catalana-de-cooperacio-al-desenvolupament","tag-instituto-panos-paris","tag-observatorio-mediterraneo-de-la-comunicacion","tag-servicio-publico-audiovisual"],"_links":{"self":[{"href":"https:\/\/webs.uab.cat\/laprec\/wp-json\/wp\/v2\/posts\/2627","targetHints":{"allow":["GET"]}}],"collection":[{"href":"https:\/\/webs.uab.cat\/laprec\/wp-json\/wp\/v2\/posts"}],"about":[{"href":"https:\/\/webs.uab.cat\/laprec\/wp-json\/wp\/v2\/types\/post"}],"author":[{"embeddable":true,"href":"https:\/\/webs.uab.cat\/laprec\/wp-json\/wp\/v2\/users\/20"}],"replies":[{"embeddable":true,"href":"https:\/\/webs.uab.cat\/laprec\/wp-json\/wp\/v2\/comments?post=2627"}],"version-history":[{"count":0,"href":"https:\/\/webs.uab.cat\/laprec\/wp-json\/wp\/v2\/posts\/2627\/revisions"}],"wp:attachment":[{"href":"https:\/\/webs.uab.cat\/laprec\/wp-json\/wp\/v2\/media?parent=2627"}],"wp:term":[{"taxonomy":"category","embeddable":true,"href":"https:\/\/webs.uab.cat\/laprec\/wp-json\/wp\/v2\/categories?post=2627"},{"taxonomy":"post_tag","embeddable":true,"href":"https:\/\/webs.uab.cat\/laprec\/wp-json\/wp\/v2\/tags?post=2627"}],"curies":[{"name":"wp","href":"https:\/\/api.w.org\/{rel}","templated":true}]}}