{"id":2694,"date":"2018-05-29T17:38:58","date_gmt":"2018-05-29T16:38:58","guid":{"rendered":"https:\/\/obmec.wordpress.com\/?p=854"},"modified":"2018-05-29T17:38:58","modified_gmt":"2018-05-29T16:38:58","slug":"el-laprec-participa-en-el-congreso-lasa-2018","status":"publish","type":"post","link":"https:\/\/webs.uab.cat\/laprec\/2018\/05\/29\/el-laprec-participa-en-el-congreso-lasa-2018\/","title":{"rendered":"EL LAPREC participa en el Congreso LASA 2018"},"content":{"rendered":"<div class=\"strong\">\n<div class=\"field field-name-field-abstract field-type-text field-label-hidden\">\n<div class=\"field-items\">\n<div class=\"field-item even\">\n<p class=\"rtejustify\" style=\"text-align:justify\"><strong>El Centro de Convenciones Internacional de Barcelona acogi\u00f3 del 22 al 26 de mayo de 2018 el Congreso de la <em>Latin American Studies Association<\/em> (LASA) y el LAPREC estuvo representado en el evento.<\/strong><\/p>\n<\/div>\n<\/div>\n<\/div>\n<\/div>\n<div class=\"field field-name-body field-type-text-with-summary field-label-hidden\">\n<div class=\"field-items\">\n<div class=\"field-item even\">\n<p class=\"rtejustify\" style=\"text-align:justify\">La directora del LAPREC, Teresa Vel\u00e1zquez, y el investigador Ricardo Carniel Bugs participaron del panel titulado \u201cFronteras, migraciones e imaginarios de territorios europeos de una Latinoam\u00e9rica global\u201d, en el que presentaron las ponencias \u201cMedios, migraciones y agenda tem\u00e1tica\u201d y \u201cLa presencia de los Derechos Humanos en los relatos period\u00edsticos sobre la Migraci\u00f3n\u201d, respectivamente.<\/p>\n<p class=\"rtejustify\" style=\"text-align:justify\">Asimismo, la revista <a href=\"http:\/\/www.designisfels.net\/\"><strong><em>deSignis<\/em><\/strong><\/a> tambi\u00e9n tuvo su espacio de difusi\u00f3n, con un estand en el espacio de expositores de publicaciones cient\u00edficas del congreso. <em>deSignis<\/em> es una revista asociada a la Federaci\u00f3n Latinoamericana de Semi\u00f3tica (FELS) y su\u00a0versi\u00f3n online est\u00e1 disponible gratuitamente.<\/p>\n<\/div>\n<\/div>\n<\/div>\n<p><img loading=\"lazy\" decoding=\"async\" class=\"alignleft size-medium wp-image-856\" src=\"https:\/\/omec.es\/wp-content\/uploads\/2018\/05\/laprec2.jpg?w=169\" alt=\"\" width=\"169\" height=\"300\" \/><\/p>\n<p>&nbsp;<\/p>\n<p>&nbsp;<\/p>\n<p>&nbsp;<\/p>\n<p>&nbsp;<\/p>\n<p>&nbsp;<\/p>\n<p>&nbsp;<\/p>\n<p>&nbsp;<\/p>\n<p><img loading=\"lazy\" decoding=\"async\" class=\"alignleft size-medium wp-image-858\" src=\"https:\/\/omec.es\/wp-content\/uploads\/2018\/05\/laprec3.jpg?w=300\" alt=\"\" width=\"300\" height=\"225\" \/><\/p>\n<p>&nbsp;<\/p>\n<p>&nbsp;<\/p>\n<p>&nbsp;<\/p>\n<p>&nbsp;<\/p>\n<p>&nbsp;<\/p>\n<p>&nbsp;<\/p>\n<p><img loading=\"lazy\" decoding=\"async\" class=\"alignnone  wp-image-867\" src=\"https:\/\/obmec.files.wordpress.com\/2018\/06\/laprec-6.jpg\" alt=\"LAPREC 6\" width=\"202\" height=\"359\" \/><\/p>\n","protected":false},"excerpt":{"rendered":"<p>El Centro de Convenciones Internacional de Barcelona acogi\u00f3 del 22 al 26 de mayo de 2018 el Congreso de la Latin American Studies Association (LASA) y el LAPREC estuvo representado en el evento. La directora del LAPREC, Teresa Vel\u00e1zquez, y el investigador Ricardo Carniel Bugs participaron del panel titulado \u201cFronteras, migraciones e imaginarios de territorios [&hellip;]<\/p>\n","protected":false},"author":20,"featured_media":0,"comment_status":"open","ping_status":"open","sticky":false,"template":"","format":"standard","meta":{"footnotes":""},"categories":[47],"tags":[],"class_list":["post-2694","post","type-post","status-publish","format-standard","hentry","category-omec"],"_links":{"self":[{"href":"https:\/\/webs.uab.cat\/laprec\/wp-json\/wp\/v2\/posts\/2694","targetHints":{"allow":["GET"]}}],"collection":[{"href":"https:\/\/webs.uab.cat\/laprec\/wp-json\/wp\/v2\/posts"}],"about":[{"href":"https:\/\/webs.uab.cat\/laprec\/wp-json\/wp\/v2\/types\/post"}],"author":[{"embeddable":true,"href":"https:\/\/webs.uab.cat\/laprec\/wp-json\/wp\/v2\/users\/20"}],"replies":[{"embeddable":true,"href":"https:\/\/webs.uab.cat\/laprec\/wp-json\/wp\/v2\/comments?post=2694"}],"version-history":[{"count":0,"href":"https:\/\/webs.uab.cat\/laprec\/wp-json\/wp\/v2\/posts\/2694\/revisions"}],"wp:attachment":[{"href":"https:\/\/webs.uab.cat\/laprec\/wp-json\/wp\/v2\/media?parent=2694"}],"wp:term":[{"taxonomy":"category","embeddable":true,"href":"https:\/\/webs.uab.cat\/laprec\/wp-json\/wp\/v2\/categories?post=2694"},{"taxonomy":"post_tag","embeddable":true,"href":"https:\/\/webs.uab.cat\/laprec\/wp-json\/wp\/v2\/tags?post=2694"}],"curies":[{"name":"wp","href":"https:\/\/api.w.org\/{rel}","templated":true}]}}