{"id":10,"date":"2008-07-04T15:22:19","date_gmt":"2008-07-04T13:22:19","guid":{"rendered":"http:\/\/blogs.uab.cat\/memoria\/2008\/07\/04\/4-de-julio\/"},"modified":"2008-07-04T15:22:19","modified_gmt":"2008-07-04T13:22:19","slug":"4-de-julio","status":"publish","type":"post","link":"https:\/\/webs.uab.cat\/memoria\/2008\/07\/04\/4-de-julio\/","title":{"rendered":"4 de julio"},"content":{"rendered":"<p align=\"center\"><img loading=\"lazy\" decoding=\"async\" border=\"0\" align=\"top\" width=\"400\" src=\"http:\/\/lh5.ggpht.com\/afapalleja\/SG5omt0EOKI\/AAAAAAAAAG0\/Mzcs9i2dD7s\/s400\/DSC03586-751544%5B1%5D.jpg\" alt=\"monumento Brigada Lincoln San francisco\" height=\"300\" \/><\/p>\n<p>No est\u00e1 de m\u00e1s recordar en el d\u00eda de hoy, siendo el que es, \u00a0que\u00a0se inaugur\u00f3 el pasado 30 de marzo, en San Francisco, este monumento a la Brigada Lincoln. Y si hay monumento es porque hubo personas que cruzaron el Atl\u00e1ntico por una causa,\u00a0por una guerra que sintieron y entendieron como suya y de todos.<\/p>\n<p>Palabras: libertad, democracia, pueblo, compa\u00f1ero, lucha, solidaridad, guerra, muerte&#8230; Hablamos hoy de lo mismo cuando decimos lo mismo?\u00a0<\/p>\n<p>Encontrer\u00e9is una galer\u00eda de fotos e informaci\u00f3n y enlaces sobre el tema en\u00a0\u00a0<a href=\"http:\/\/www.coordinadoramh.org\/multimediamh\/2008\/05\/homenaje-en-eeuu-la-brigada-lincoln.html\">http:\/\/www.coordinadoramh.org\/multimediamh\/2008\/05\/homenaje-en-eeuu-la-brigada-lincoln.html<\/a>. Y, especialmente, en <a href=\"http:\/\/www.alba-valb.org\/\">http:\/\/www.alba-valb.org\/<\/a><\/p>\n<p>En la p\u00e1gina de la Asociaci\u00f3n de Amigos de las Brigadas Internacionales <a href=\"http:\/\/www.brigadasinternacionales.org\/pages\/monumentos.html\">http:\/\/www.brigadasinternacionales.org\/pages\/monumentos.html<\/a>\u00a0encontrar\u00e9is im\u00e1genes de\u00a0todo tipo de munumentos\u00a0dedicados\u00a0en Espa\u00f1a y por el mundo a los brigadistas. Maneras de fijar memoria?\u00a0<\/p>\n<p>No es\u00a0el primer monumento que se les dedica a estos brigadistas de nuestra guerra civil en los EEUU.\u00a0Este otro est\u00e1 en la Universidad de Washington. Que no se nos olvide cuando pensamos en los EEUU.<\/p>\n<p>\u00a0\u00a0\u00a0\u00a0<\/p>\n<p><img loading=\"lazy\" decoding=\"async\" border=\"0\" width=\"250\" src=\"http:\/\/www.brigadasinternacionales.org\/media\/.gallery\/main413.jpg\" alt=\"monumento brigada lincoln Whasington\" height=\"400\" \/><\/p>\n","protected":false},"excerpt":{"rendered":"<p>No est\u00e1 de m\u00e1s recordar en el d\u00eda de hoy, siendo el que es, \u00a0que\u00a0se inaugur\u00f3 el pasado 30 de marzo, en San Francisco, este monumento a la Brigada Lincoln. Y si hay monumento es porque hubo personas que cruzaron el Atl\u00e1ntico por una causa,\u00a0por una guerra que sintieron y entendieron como suya y de [&hellip;]<\/p>\n","protected":false},"author":143,"featured_media":0,"comment_status":"open","ping_status":"open","sticky":false,"template":"","format":"standard","meta":{"footnotes":""},"categories":[2,10,17],"tags":[46,95,96,180,193,242,380],"class_list":["post-10","post","type-post","status-publish","format-standard","hentry","category-actos","category-espacios","category-memoria-historica","tag-america","tag-brigada-lincoln","tag-brigadas-internacionales","tag-eeuu","tag-espana","tag-guerra-civil-espanola","tag-monumentos"],"_links":{"self":[{"href":"https:\/\/webs.uab.cat\/memoria\/wp-json\/wp\/v2\/posts\/10","targetHints":{"allow":["GET"]}}],"collection":[{"href":"https:\/\/webs.uab.cat\/memoria\/wp-json\/wp\/v2\/posts"}],"about":[{"href":"https:\/\/webs.uab.cat\/memoria\/wp-json\/wp\/v2\/types\/post"}],"author":[{"embeddable":true,"href":"https:\/\/webs.uab.cat\/memoria\/wp-json\/wp\/v2\/users\/143"}],"replies":[{"embeddable":true,"href":"https:\/\/webs.uab.cat\/memoria\/wp-json\/wp\/v2\/comments?post=10"}],"version-history":[{"count":0,"href":"https:\/\/webs.uab.cat\/memoria\/wp-json\/wp\/v2\/posts\/10\/revisions"}],"wp:attachment":[{"href":"https:\/\/webs.uab.cat\/memoria\/wp-json\/wp\/v2\/media?parent=10"}],"wp:term":[{"taxonomy":"category","embeddable":true,"href":"https:\/\/webs.uab.cat\/memoria\/wp-json\/wp\/v2\/categories?post=10"},{"taxonomy":"post_tag","embeddable":true,"href":"https:\/\/webs.uab.cat\/memoria\/wp-json\/wp\/v2\/tags?post=10"}],"curies":[{"name":"wp","href":"https:\/\/api.w.org\/{rel}","templated":true}]}}