{"id":1143,"date":"2013-09-09T14:11:44","date_gmt":"2013-09-09T12:11:44","guid":{"rendered":"http:\/\/blogs.uab.cat\/memoria\/?p=1143"},"modified":"2013-09-09T14:11:44","modified_gmt":"2013-09-09T12:11:44","slug":"renoir-por-su-hijo","status":"publish","type":"post","link":"https:\/\/webs.uab.cat\/memoria\/2013\/09\/09\/renoir-por-su-hijo\/","title":{"rendered":"Renoir, por su hijo"},"content":{"rendered":"<p><img loading=\"lazy\" decoding=\"async\" class=\"size-medium wp-image-1144 alignnone\" alt=\"Renoir, mi padre\" src=\"http:\/\/blogs.uab.cat\/memoria\/files\/2013\/08\/Renoir-mi-padre-300x300.jpg\" width=\"300\" height=\"300\" srcset=\"https:\/\/webs.uab.cat\/memoria\/wp-content\/uploads\/sites\/202\/2013\/08\/Renoir-mi-padre-300x300.jpg 300w, https:\/\/webs.uab.cat\/memoria\/wp-content\/uploads\/sites\/202\/2013\/08\/Renoir-mi-padre-150x150.jpg 150w, https:\/\/webs.uab.cat\/memoria\/wp-content\/uploads\/sites\/202\/2013\/08\/Renoir-mi-padre.jpg 340w\" sizes=\"auto, (max-width: 300px) 100vw, 300px\" \/><\/p>\n<p style=\"text-align: justify\">Jean Renoir, conocido como director de cine e hijo del pintor Pierre-Auguste Renoir, public\u00f3 <em style=\"text-align: justify\">Renoir, mi padre<\/em><span style=\"text-align: justify\">, en 1962, muchos a\u00f1os despu\u00e9s de la muerte del pintor en 1919.<\/span><\/p>\n<p style=\"text-align: justify\">Jean trataba\u00a0a Renoir\u00a0como lo que era, su padre, a la vez que pod\u00eda ver al artista\u00a0trabajar en\u00a0la\u00a0casa familiar e incluso pos\u00f3 para \u00e9l en numerosas ocasiones. As\u00ed que cuando se decidi\u00f3 a contar la vida del pintor pudo escribir\u00a0tanto una biograf\u00eda bien documentada\u00a0como un relato detallado de\u00a0su vida cotidiana, de sus pensamientos y de las personas que le rodeaban: su mujer (madre, por tanto, de Jean), \u00a0sus vecinos, amigos, colegas pintores, empleados\u00a0 y de sus \u00a0modelos, con una de las cuales acab\u00f3 cas\u00e1ndose Jean Renoir.<\/p>\n<p style=\"text-align: justify\">Adem\u00e1s de este conocimiento vivencial, que emana cari\u00f1o por las personas y lugares que aparecen en el libro, Jean encontr\u00f3 la ocasi\u00f3n de hablar con su\u00a0ya anciano y enfermo padre\u00a0mientras se recuperaba de una herida de bala recibida en la Primera Guerra Mundial. De\u00a0esa forma\u00a0recab\u00f3 sus primeros recuerdos y as\u00ed\u00a0el libro abarca el total de la vida de Renoir.<\/p>\n<p style=\"text-align: justify\">Ha sido una lectura placentera, que he hecho con calma y que volver\u00eda a iniciar. Renoir fue un hombre com\u00fan, que disfrutaba de la vida y de las personas, y un artista excepcional, dos facetas que su hijo supo plasmar a trav\u00e9s de multitud de detalles, \u00a0an\u00e9cdotas y citas con las que reconstruye la humanidad de la persona,\u00a0su manera de entender el mundo y el arte.<\/p>\n","protected":false},"excerpt":{"rendered":"<p>Jean Renoir, conocido como director de cine e hijo del pintor Pierre-Auguste Renoir, public\u00f3 Renoir, mi padre, en 1962, muchos a\u00f1os despu\u00e9s de la muerte del pintor en 1919. Jean trataba\u00a0a Renoir\u00a0como lo que era, su padre, a la vez que pod\u00eda ver al artista\u00a0trabajar en\u00a0la\u00a0casa familiar e incluso pos\u00f3 para \u00e9l en numerosas ocasiones. [&hellip;]<\/p>\n","protected":false},"author":143,"featured_media":0,"comment_status":"open","ping_status":"closed","sticky":false,"template":"","format":"standard","meta":{"footnotes":""},"categories":[3,15,25],"tags":[282,419],"class_list":["post-1143","post","type-post","status-publish","format-standard","hentry","category-arte","category-libros","category-textos","tag-jean-renoir","tag-pierre-auguste-renoir"],"_links":{"self":[{"href":"https:\/\/webs.uab.cat\/memoria\/wp-json\/wp\/v2\/posts\/1143","targetHints":{"allow":["GET"]}}],"collection":[{"href":"https:\/\/webs.uab.cat\/memoria\/wp-json\/wp\/v2\/posts"}],"about":[{"href":"https:\/\/webs.uab.cat\/memoria\/wp-json\/wp\/v2\/types\/post"}],"author":[{"embeddable":true,"href":"https:\/\/webs.uab.cat\/memoria\/wp-json\/wp\/v2\/users\/143"}],"replies":[{"embeddable":true,"href":"https:\/\/webs.uab.cat\/memoria\/wp-json\/wp\/v2\/comments?post=1143"}],"version-history":[{"count":0,"href":"https:\/\/webs.uab.cat\/memoria\/wp-json\/wp\/v2\/posts\/1143\/revisions"}],"wp:attachment":[{"href":"https:\/\/webs.uab.cat\/memoria\/wp-json\/wp\/v2\/media?parent=1143"}],"wp:term":[{"taxonomy":"category","embeddable":true,"href":"https:\/\/webs.uab.cat\/memoria\/wp-json\/wp\/v2\/categories?post=1143"},{"taxonomy":"post_tag","embeddable":true,"href":"https:\/\/webs.uab.cat\/memoria\/wp-json\/wp\/v2\/tags?post=1143"}],"curies":[{"name":"wp","href":"https:\/\/api.w.org\/{rel}","templated":true}]}}