{"id":1288,"date":"2017-11-17T13:28:24","date_gmt":"2017-11-17T11:28:24","guid":{"rendered":"http:\/\/blogs.uab.cat\/memoria\/?p=1288"},"modified":"2017-11-17T13:28:24","modified_gmt":"2017-11-17T11:28:24","slug":"imagenes-y-mas-imagenes","status":"publish","type":"post","link":"https:\/\/webs.uab.cat\/memoria\/2017\/11\/17\/imagenes-y-mas-imagenes\/","title":{"rendered":"Im\u00e1genes y m\u00e1s im\u00e1genes"},"content":{"rendered":"<p><a href=\"http:\/\/blogs.uab.cat\/memoria\/2017\/11\/17\/imagenes-y-mas-imagenes\/warhol_cartell_desktop_es\/\" rel=\"attachment wp-att-1289\"><img loading=\"lazy\" decoding=\"async\" class=\"aligncenter wp-image-1289\" src=\"https:\/\/webs.uab.cat\/memoria\/wp-content\/uploads\/sites\/202\/2017\/10\/Warhol_cartell_desktop_es.jpg\" alt=\"\" width=\"344\" height=\"433\" srcset=\"https:\/\/webs.uab.cat\/memoria\/wp-content\/uploads\/sites\/202\/2017\/10\/Warhol_cartell_desktop_es.jpg 635w, https:\/\/webs.uab.cat\/memoria\/wp-content\/uploads\/sites\/202\/2017\/10\/Warhol_cartell_desktop_es-238x300.jpg 238w\" sizes=\"auto, (max-width: 344px) 100vw, 344px\" \/><\/a><\/p>\n<h6 style=\"text-align: center\"><em>Cartel de la exposici\u00f3n en <a href=\"https:\/\/caixaforum.es\/es_ES\/barcelona\/fichaexposicion?entryId=206965\">CaixaForum<\/a> Barcelona\u00a0<\/em><\/h6>\n<p>Aprovecho la exposici\u00f3n de Andy Warhol, que pod\u00e9is ir a ver hasta el 31 de diciembre en CaixaForum Barcelona, para haceros la propuesta de esta semana.<\/p>\n<p>Desde la perspectiva de la historia de la comunicaci\u00f3n, lo que nos interesa del arte no es tanto la est\u00e9tica o la calidad t\u00e9cnica como la funci\u00f3n y el impacto que tienen las obras en la sociedad. En la \u00faltima clase hemos hablado de los mecanismos para la transmisi\u00f3n de la memoria, la identidad de los grupos, las creencias, ideolog\u00edas, jerarqu\u00edas, valores, la cultura, etc., a trav\u00e9s de las narraciones, ritos o im\u00e1genes.<\/p>\n<p>El Pop Art, que inicia Warhol, inaugur\u00f3 una nueva \u00e9poca en que lo culto y lo popular se mezclan utilizando los productos de consumo y los \u00edconos de los medios de comunicaci\u00f3n.\u00a0Los museos y salas de exposiciones acogen estas obras y, en nuestros d\u00edas, artistas como Jeff Koons ocupan tambi\u00e9n las plazas y espacios p\u00fablicos con obras que juegan con esta misma idea, actualiz\u00e1ndola.<\/p>\n<p><a href=\"http:\/\/blogs.uab.cat\/memoria\/2017\/11\/17\/imagenes-y-mas-imagenes\/600-koons-rabbit\/\" rel=\"attachment wp-att-1290\"><img loading=\"lazy\" decoding=\"async\" class=\"aligncenter wp-image-1290\" src=\"https:\/\/webs.uab.cat\/memoria\/wp-content\/uploads\/sites\/202\/2017\/10\/600-Koons-Rabbit.jpg\" alt=\"\" width=\"424\" height=\"266\" srcset=\"https:\/\/webs.uab.cat\/memoria\/wp-content\/uploads\/sites\/202\/2017\/10\/600-Koons-Rabbit.jpg 600w, https:\/\/webs.uab.cat\/memoria\/wp-content\/uploads\/sites\/202\/2017\/10\/600-Koons-Rabbit-300x188.jpg 300w\" sizes=\"auto, (max-width: 424px) 100vw, 424px\" \/><\/a><\/p>\n<h6><em><span class=\"caption-text\">Jeff Koons\u2019s \u201cRabbit\u201d floated over Times Square during Thursday\u2019s parade. The helium \u201csculpture\u201d was making its debut.<\/span>\u00a0<span class=\"credit\">Librado Romero\/<a href=\"http:\/\/www.nytimes.com\/2007\/11\/23\/arts\/23rabbit.html\">The New York Times<\/a><\/span><\/em><\/h6>\n<p>Algunas preguntas posibles para el comentario pueden ser: \u00bfconsider\u00e1is que queda algo espec\u00edficamente art\u00edstico?; \u00bfhay una necesidad social de creaciones espec\u00edficamente art\u00edsticas?; \u00bfcu\u00e1les son los valores de uso estas im\u00e1genes (econ\u00f3mico, pol\u00edtico, social, o en el campo del conocimiento, de las creencias, etc.)?;\u00a0 en un contexto hipervisual \u00bfhay obras que deben ser tratadas como art\u00edsticas y otras creaciones c\u00f3mo medi\u00e1ticas, publicitarias&#8230;?; \u00bfen qu\u00e9 reside la diferencia?, etc.<\/p>\n","protected":false},"excerpt":{"rendered":"<p>Cartel de la exposici\u00f3n en CaixaForum Barcelona\u00a0 Aprovecho la exposici\u00f3n de Andy Warhol, que pod\u00e9is ir a ver hasta el 31 de diciembre en CaixaForum Barcelona, para haceros la propuesta de esta semana. Desde la perspectiva de la historia de la comunicaci\u00f3n, lo que nos interesa del arte no es tanto la est\u00e9tica o la [&hellip;]<\/p>\n","protected":false},"author":143,"featured_media":0,"comment_status":"open","ping_status":"closed","sticky":false,"template":"","format":"standard","meta":{"footnotes":""},"categories":[2,3,11,1,16],"tags":[],"class_list":["post-1288","post","type-post","status-publish","format-standard","hentry","category-actos","category-arte","category-exposiciones","category-general","category-medios"],"_links":{"self":[{"href":"https:\/\/webs.uab.cat\/memoria\/wp-json\/wp\/v2\/posts\/1288","targetHints":{"allow":["GET"]}}],"collection":[{"href":"https:\/\/webs.uab.cat\/memoria\/wp-json\/wp\/v2\/posts"}],"about":[{"href":"https:\/\/webs.uab.cat\/memoria\/wp-json\/wp\/v2\/types\/post"}],"author":[{"embeddable":true,"href":"https:\/\/webs.uab.cat\/memoria\/wp-json\/wp\/v2\/users\/143"}],"replies":[{"embeddable":true,"href":"https:\/\/webs.uab.cat\/memoria\/wp-json\/wp\/v2\/comments?post=1288"}],"version-history":[{"count":0,"href":"https:\/\/webs.uab.cat\/memoria\/wp-json\/wp\/v2\/posts\/1288\/revisions"}],"wp:attachment":[{"href":"https:\/\/webs.uab.cat\/memoria\/wp-json\/wp\/v2\/media?parent=1288"}],"wp:term":[{"taxonomy":"category","embeddable":true,"href":"https:\/\/webs.uab.cat\/memoria\/wp-json\/wp\/v2\/categories?post=1288"},{"taxonomy":"post_tag","embeddable":true,"href":"https:\/\/webs.uab.cat\/memoria\/wp-json\/wp\/v2\/tags?post=1288"}],"curies":[{"name":"wp","href":"https:\/\/api.w.org\/{rel}","templated":true}]}}