{"id":13,"date":"2008-07-08T18:17:06","date_gmt":"2008-07-08T16:17:06","guid":{"rendered":"http:\/\/blogs.uab.cat\/memoria\/2008\/07\/08\/13\/"},"modified":"2008-07-08T18:17:06","modified_gmt":"2008-07-08T16:17:06","slug":"13","status":"publish","type":"post","link":"https:\/\/webs.uab.cat\/memoria\/2008\/07\/08\/13\/","title":{"rendered":"Memoria (en-latada) audiovisual"},"content":{"rendered":"<p lang=\"es-ES\">Isabel Alonso D\u00e1vila me env\u00eda un enlace a la p\u00e1gina de <em>Banca Della Memoria<\/em>, <font color=\"#0000ff\"><u><a href=\"http:\/\/www.bancadellamemoria.it\/\">http:\/\/www.bancadellamemoria.it<\/a><\/u><\/font> En italiano. F\u00e1cil para nosotros a\u00fan sin haber estudiado la lengua. Algo, o mucho, nos queda del pasado latino com\u00fan.<\/p>\n<p lang=\"es-ES\">Audiovisuales (la esencia del conocimiento en la Web2.0). Cualquier persona nacida antes de 1940 puede aportar un v\u00eddeo de un m\u00e1ximo de 10 minutos. Los gestores se ocupan de que los v\u00eddeos sean adecuados a los objetivos que se han propuesto.<\/p>\n<p lang=\"es-ES\">Una empresa reciente que est\u00e1 creciendo y probando medios y oportunidades. Adem\u00e1s de ver algunos de los v\u00eddeos, es interesante ver como definen su propia compa\u00f1\u00eda.<\/p>\n<p lang=\"es-ES\">Isabel Alonso, viajera (cuando se habla de ella todo el mundo pregunta \u201cD\u00f3nde est\u00e1 ahora?\u201d), me introdujo en el mundo de la historia oral con algunos de sus trabajos, que hab\u00eda le\u00eddo antes de conocerla y con sus ense\u00f1anzas. Hace ya unos cuantos a\u00f1os (que no\u00a0contar\u00e9) hicimos juntos un viaje Tortosa-Barcelona: como yo conduc\u00eda y no estaba dispuesto a desperdiciar la oportunidad de perderme sus consejos e ideas le &#8220;coloqu\u00e9&#8221; mi grabadora y sin darle la oportunidad a rechazarla, la asedi\u00e9 a preguntas durante todo el trayecto \u00a1y ella soporto as\u00ed, pacientemente, todo el viaje!<\/p>\n<p lang=\"es-ES\">Gracias Isabel. A\u00fan conservo la transcripci\u00f3n de esa cinta: libros, autores, trabajos.. Todo lo que un reci\u00e9n llegado como yo necesitaba. La prueba de mi ignorancia y tambi\u00e9n de mi inter\u00e9s.<\/p>\n","protected":false},"excerpt":{"rendered":"<p>Isabel Alonso D\u00e1vila me env\u00eda un enlace a la p\u00e1gina de Banca Della Memoria, http:\/\/www.bancadellamemoria.it En italiano. F\u00e1cil para nosotros a\u00fan sin haber estudiado la lengua. Algo, o mucho, nos queda del pasado latino com\u00fan. Audiovisuales (la esencia del conocimiento en la Web2.0). Cualquier persona nacida antes de 1940 puede aportar un v\u00eddeo de un [&hellip;]<\/p>\n","protected":false},"author":143,"featured_media":0,"comment_status":"open","ping_status":"open","sticky":false,"template":"","format":"standard","meta":{"footnotes":""},"categories":[17,26],"tags":[198,277,543],"class_list":["post-13","post","type-post","status-publish","format-standard","hentry","category-memoria-historica","category-web","tag-europa","tag-italia","tag-web"],"_links":{"self":[{"href":"https:\/\/webs.uab.cat\/memoria\/wp-json\/wp\/v2\/posts\/13","targetHints":{"allow":["GET"]}}],"collection":[{"href":"https:\/\/webs.uab.cat\/memoria\/wp-json\/wp\/v2\/posts"}],"about":[{"href":"https:\/\/webs.uab.cat\/memoria\/wp-json\/wp\/v2\/types\/post"}],"author":[{"embeddable":true,"href":"https:\/\/webs.uab.cat\/memoria\/wp-json\/wp\/v2\/users\/143"}],"replies":[{"embeddable":true,"href":"https:\/\/webs.uab.cat\/memoria\/wp-json\/wp\/v2\/comments?post=13"}],"version-history":[{"count":0,"href":"https:\/\/webs.uab.cat\/memoria\/wp-json\/wp\/v2\/posts\/13\/revisions"}],"wp:attachment":[{"href":"https:\/\/webs.uab.cat\/memoria\/wp-json\/wp\/v2\/media?parent=13"}],"wp:term":[{"taxonomy":"category","embeddable":true,"href":"https:\/\/webs.uab.cat\/memoria\/wp-json\/wp\/v2\/categories?post=13"},{"taxonomy":"post_tag","embeddable":true,"href":"https:\/\/webs.uab.cat\/memoria\/wp-json\/wp\/v2\/tags?post=13"}],"curies":[{"name":"wp","href":"https:\/\/api.w.org\/{rel}","templated":true}]}}