{"id":145,"date":"2009-05-13T12:51:29","date_gmt":"2009-05-13T10:51:29","guid":{"rendered":"http:\/\/blogs.uab.cat\/memoria\/2009\/05\/13\/tots-palleja\/"},"modified":"2009-05-13T12:51:29","modified_gmt":"2009-05-13T10:51:29","slug":"tots-palleja","status":"publish","type":"post","link":"https:\/\/webs.uab.cat\/memoria\/2009\/05\/13\/tots-palleja\/","title":{"rendered":"TOTS Pallej\u00e0"},"content":{"rendered":"<p align=\"center\"><img loading=\"lazy\" decoding=\"async\" align=\"top\" width=\"400\" src=\"http:\/\/lh6.ggpht.com\/_f_v9Gy_att8\/Sf82SmK4t_I\/AAAAAAAABWs\/UDCN_LH-CY0\/s400\/Tots.JPG\" height=\"194\" \/><\/p>\n<p align=\"justify\">Llevo muchos, demasiados d\u00edas sin escribir, pero es que\u00a0la organizaci\u00f3n de la exposici\u00f3n <em>Tots Pallej\u00e0<\/em>, me\u00a0tiene dedicado a tiempo completo, primero con la preparaci\u00f3n\u00a0y ahora mismo intentando que todo funcione. Y es que se trata de una exposici\u00f3n que\u00a0se inaugur\u00f3 con las paredes vac\u00edas\u00a0y que ha de crecer participativamente durante\u00a0un tiempo previsto de 22 d\u00edas. No es lo mismo esto que una sala que se mantiene estable mientras el p\u00fablico la visita, aqu\u00ed todo cambia minuto a minuto y\u00a0exige de gran esfuerzo. Como veis, digo\u00a0exposici\u00f3n,\u00a0porque se puede ir solo para\u00a0contemplar, pero sobre todo es una acci\u00f3n que pretende movilizar a los ciudadanos\u00a0en un proyecto com\u00fan. Me explico.<\/p>\n<p align=\"justify\">Hemos instalado una carpa de 150m2 en el centro de Pallej\u00e0 (plaza del castillo) que\u00a0contiene 4om lineales de plafones (unos 80m2). Hemos invitado a toda la poblaci\u00f3n a participar aportando fotograf\u00edas actuales de su familia, de las personas con quienes convive, de sus grupos de amigos o de las entidades de todo tipo, culturales, educativas, deportivas, etc. Esperamos\u00a0componer entre todos un gran mural fotogr\u00e1fico que nos permita ver (ver-nos) c\u00f3mo es la sociedad, el tejido social de\u00a0poblaci\u00f3n. Estas fotograf\u00edas se conservar\u00e1n para ser expuestas de nuevo dentro de 25 a\u00f1os y as\u00ed poder comparar permanencias y cambios.<\/p>\n<p align=\"justify\">Inauguramos el d\u00eda 7, as\u00ed que no llevamos ni una semana y\u00a0ya hemos ocupado una buena superficie.<\/p>\n<p align=\"justify\">Ir\u00e9 dando noticias.\u00a0A ver si voy encontrando huecos de tiempo mientras se reducen los espacios en blanco de las paredes.\u00a0\u00a0\u00a0\u00a0<\/p>\n","protected":false},"excerpt":{"rendered":"<p>Llevo muchos, demasiados d\u00edas sin escribir, pero es que\u00a0la organizaci\u00f3n de la exposici\u00f3n Tots Pallej\u00e0, me\u00a0tiene dedicado a tiempo completo, primero con la preparaci\u00f3n\u00a0y ahora mismo intentando que todo funcione. Y es que se trata de una exposici\u00f3n que\u00a0se inaugur\u00f3 con las paredes vac\u00edas\u00a0y que ha de crecer participativamente durante\u00a0un tiempo previsto de 22 d\u00edas. [&hellip;]<\/p>\n","protected":false},"author":143,"featured_media":0,"comment_status":"open","ping_status":"open","sticky":false,"template":"","format":"standard","meta":{"footnotes":""},"categories":[2,11,12],"tags":[410,512,513],"class_list":["post-145","post","type-post","status-publish","format-standard","hentry","category-actos","category-exposiciones","category-fotografia","tag-palleja","tag-tots","tag-tots-palleja"],"_links":{"self":[{"href":"https:\/\/webs.uab.cat\/memoria\/wp-json\/wp\/v2\/posts\/145","targetHints":{"allow":["GET"]}}],"collection":[{"href":"https:\/\/webs.uab.cat\/memoria\/wp-json\/wp\/v2\/posts"}],"about":[{"href":"https:\/\/webs.uab.cat\/memoria\/wp-json\/wp\/v2\/types\/post"}],"author":[{"embeddable":true,"href":"https:\/\/webs.uab.cat\/memoria\/wp-json\/wp\/v2\/users\/143"}],"replies":[{"embeddable":true,"href":"https:\/\/webs.uab.cat\/memoria\/wp-json\/wp\/v2\/comments?post=145"}],"version-history":[{"count":0,"href":"https:\/\/webs.uab.cat\/memoria\/wp-json\/wp\/v2\/posts\/145\/revisions"}],"wp:attachment":[{"href":"https:\/\/webs.uab.cat\/memoria\/wp-json\/wp\/v2\/media?parent=145"}],"wp:term":[{"taxonomy":"category","embeddable":true,"href":"https:\/\/webs.uab.cat\/memoria\/wp-json\/wp\/v2\/categories?post=145"},{"taxonomy":"post_tag","embeddable":true,"href":"https:\/\/webs.uab.cat\/memoria\/wp-json\/wp\/v2\/tags?post=145"}],"curies":[{"name":"wp","href":"https:\/\/api.w.org\/{rel}","templated":true}]}}