{"id":15,"date":"2008-07-11T23:26:15","date_gmt":"2008-07-11T21:26:15","guid":{"rendered":"http:\/\/blogs.uab.cat\/memoria\/2008\/07\/11\/15\/"},"modified":"2008-07-11T23:26:15","modified_gmt":"2008-07-11T21:26:15","slug":"15","status":"publish","type":"post","link":"https:\/\/webs.uab.cat\/memoria\/2008\/07\/11\/15\/","title":{"rendered":"Imatges al moll"},"content":{"rendered":"<p>Parece que los problemas con las im\u00e1genes se han solucionado. Gracias a los compa\u00f1eros del CAS por su ayuda.<\/p>\n<p>Noticia urgente: el pr\u00f3ximo lunes, a las 7 de la tarde, en el Museu Mar\u00edtim de Barcelona, Jordi Ibarz presenta su nuevo libro, <u>Imatges al Moll. Els oficis de les feines d&#8217;estriba a la Barcelona dels segles XIX i XX<\/u>.\u00a0<\/p>\n<p><img loading=\"lazy\" decoding=\"async\" border=\"0\" width=\"285\" src=\"http:\/\/lh6.ggpht.com\/afapalleja\/SHfLD5RrxzI\/AAAAAAAAAJw\/wDPzG6G2nj0\/s400\/Libro%20Jordi-1.jpg\" alt=\"Libro Jordi Ibarz\" height=\"400\" \/><\/p>\n<p>\u00a0Jordi lleva mucho tiempo trabajando en este tema y tiene una gran colecci\u00f3n de im\u00e1genes\u00a0que documentan todos los trabajos portuarios. As\u00ed que no os pod\u00e9is perder ni la presentaci\u00f3n ni el libro.<\/p>\n<p>Yo tengo la suerte de tenerlo\u00a0como compa\u00f1ero\u00a0de trabajo. Digo suerte, no solamente porque sea un placer compartir con \u00e9l\u00a0algunos momentos de descanso (muchos menos de los que debieran ser) sino tambi\u00e9n porque colaboramos en proyectos de docencia\u00a0con igual satisfacci\u00f3n.<\/p>\n<p>Cuando empec\u00e9 a dar clases en la UAB, Jordi me facilit\u00f3\u00a0materiales que \u00e9l hab\u00eda preparado para las asignaturas y me introdujo con sus explicaciones en\u00a0el complejo mundo de la administraci\u00f3n acad\u00e9mica. Y desde entonces as\u00ed han seguido siendo las cosas. Alguien que siempre aporta y\u00a0suma.<\/p>\n<p>Gracias Jordi, intento compensar tu generosidad pero no creo que generalmente alcance. \u00a0\u00a0Y enhorabuena por el libro. \u00a0\u00a0\u00a0\u00a0\u00a0\u00a0\u00a0\u00a0\u00a0<\/p>\n","protected":false},"excerpt":{"rendered":"<p>Parece que los problemas con las im\u00e1genes se han solucionado. Gracias a los compa\u00f1eros del CAS por su ayuda. Noticia urgente: el pr\u00f3ximo lunes, a las 7 de la tarde, en el Museu Mar\u00edtim de Barcelona, Jordi Ibarz presenta su nuevo libro, Imatges al Moll. Els oficis de les feines d&#8217;estriba a la Barcelona dels [&hellip;]<\/p>\n","protected":false},"author":143,"featured_media":0,"comment_status":"open","ping_status":"open","sticky":false,"template":"","format":"standard","meta":{"footnotes":""},"categories":[17,25],"tags":[77,126,193,320],"class_list":["post-15","post","type-post","status-publish","format-standard","hentry","category-memoria-historica","category-textos","tag-barcelona","tag-cataluna","tag-espana","tag-libro"],"_links":{"self":[{"href":"https:\/\/webs.uab.cat\/memoria\/wp-json\/wp\/v2\/posts\/15","targetHints":{"allow":["GET"]}}],"collection":[{"href":"https:\/\/webs.uab.cat\/memoria\/wp-json\/wp\/v2\/posts"}],"about":[{"href":"https:\/\/webs.uab.cat\/memoria\/wp-json\/wp\/v2\/types\/post"}],"author":[{"embeddable":true,"href":"https:\/\/webs.uab.cat\/memoria\/wp-json\/wp\/v2\/users\/143"}],"replies":[{"embeddable":true,"href":"https:\/\/webs.uab.cat\/memoria\/wp-json\/wp\/v2\/comments?post=15"}],"version-history":[{"count":0,"href":"https:\/\/webs.uab.cat\/memoria\/wp-json\/wp\/v2\/posts\/15\/revisions"}],"wp:attachment":[{"href":"https:\/\/webs.uab.cat\/memoria\/wp-json\/wp\/v2\/media?parent=15"}],"wp:term":[{"taxonomy":"category","embeddable":true,"href":"https:\/\/webs.uab.cat\/memoria\/wp-json\/wp\/v2\/categories?post=15"},{"taxonomy":"post_tag","embeddable":true,"href":"https:\/\/webs.uab.cat\/memoria\/wp-json\/wp\/v2\/tags?post=15"}],"curies":[{"name":"wp","href":"https:\/\/api.w.org\/{rel}","templated":true}]}}