{"id":160,"date":"2009-07-09T12:03:59","date_gmt":"2009-07-09T10:03:59","guid":{"rendered":"http:\/\/blogs.uab.cat\/memoria\/2009\/07\/09\/quaderns-de-la-molinada-3\/"},"modified":"2009-07-09T12:03:59","modified_gmt":"2009-07-09T10:03:59","slug":"quaderns-de-la-molinada-3","status":"publish","type":"post","link":"https:\/\/webs.uab.cat\/memoria\/2009\/07\/09\/quaderns-de-la-molinada-3\/","title":{"rendered":"Quaderns de La Molinada, 3"},"content":{"rendered":"<p align=\"center\"><a href=\"http:\/\/www.palleja.cat\/html\/cat\/pdf\/quadernsmolinada3.pdf\"><img loading=\"lazy\" decoding=\"async\" src=\"http:\/\/lh3.ggpht.com\/_f_v9Gy_att8\/SlW-O82qdKI\/AAAAAAAABf8\/YxfIRl8wXTc\/s400\/Scan0001.jpg\" width=\"274\" height=\"400\" align=\"top\" \/><\/a><\/p>\n<p align=\"justify\">El <a href=\"http:\/\/lamolinada.blog.com\/\">Club d&#8217;Escriptors de Pallej\u00e0<\/a> est\u00e1 formado por un grupo de aficionados a la escritura que se re\u00fanen algunos viernes para compartir textos e inquietudes. Ahora hemos podido publicar algunas de sus creaciones en una revista que adem\u00e1s se puede leer en formato digital en este enlace: <a href=\"https:\/\/blogs.uab.cat\/memoria\/2008\/10\/10\/memoria-informatica-y-creacion-literaria\/quadernsmolinada3-web-aj\/\" rel=\"attachment wp-att-1503\">Quaderns de la Molinada 3<\/a><\/p>\n<p align=\"justify\">Como ya\u00a0 present\u00e9 los <a href=\"http:\/\/blogs.uab.cat\/memoria\/2008\/10\/10\/memoria-informatica-y-creacion-literaria\/\">dos n\u00fameros anteriores<\/a> en una entrada del pasado (pasad\u00edsimo) mes de octubre, no os voy a dar muchos detalles, solo constatar que en este caso la revista, dada la autor\u00eda, tiene un car\u00e1cter m\u00e1s literario que las anteriores, aunque muchos de los textos son autobiogr\u00e1ficos o est\u00e1n claramente relacionados con las experiencias de los autores.<\/p>\n<p align=\"center\">\u00a0<span style=\"color: #993366\">_________________ <\/span><\/p>\n<h2 align=\"center\"><span style=\"color: #993366\">\u00bfConoces mi nuevo blog?<\/span> <a href=\"http:\/\/playadepatos.blogspot.com\">Playa de Patos<\/a><\/h2>\n","protected":false},"excerpt":{"rendered":"<p>El Club d&#8217;Escriptors de Pallej\u00e0 est\u00e1 formado por un grupo de aficionados a la escritura que se re\u00fanen algunos viernes para compartir textos e inquietudes. Ahora hemos podido publicar algunas de sus creaciones en una revista que adem\u00e1s se puede leer en formato digital en este enlace: Quaderns de la Molinada 3 Como ya\u00a0 present\u00e9 [&hellip;]<\/p>\n","protected":false},"author":143,"featured_media":0,"comment_status":"open","ping_status":"open","sticky":false,"template":"","format":"standard","meta":{"footnotes":""},"categories":[1],"tags":[143,410,454],"class_list":["post-160","post","type-post","status-publish","format-standard","hentry","category-general","tag-club-escriptors-palleja","tag-palleja","tag-quaderns-de-la-molinada"],"_links":{"self":[{"href":"https:\/\/webs.uab.cat\/memoria\/wp-json\/wp\/v2\/posts\/160","targetHints":{"allow":["GET"]}}],"collection":[{"href":"https:\/\/webs.uab.cat\/memoria\/wp-json\/wp\/v2\/posts"}],"about":[{"href":"https:\/\/webs.uab.cat\/memoria\/wp-json\/wp\/v2\/types\/post"}],"author":[{"embeddable":true,"href":"https:\/\/webs.uab.cat\/memoria\/wp-json\/wp\/v2\/users\/143"}],"replies":[{"embeddable":true,"href":"https:\/\/webs.uab.cat\/memoria\/wp-json\/wp\/v2\/comments?post=160"}],"version-history":[{"count":0,"href":"https:\/\/webs.uab.cat\/memoria\/wp-json\/wp\/v2\/posts\/160\/revisions"}],"wp:attachment":[{"href":"https:\/\/webs.uab.cat\/memoria\/wp-json\/wp\/v2\/media?parent=160"}],"wp:term":[{"taxonomy":"category","embeddable":true,"href":"https:\/\/webs.uab.cat\/memoria\/wp-json\/wp\/v2\/categories?post=160"},{"taxonomy":"post_tag","embeddable":true,"href":"https:\/\/webs.uab.cat\/memoria\/wp-json\/wp\/v2\/tags?post=160"}],"curies":[{"name":"wp","href":"https:\/\/api.w.org\/{rel}","templated":true}]}}