{"id":18,"date":"2008-07-14T21:25:26","date_gmt":"2008-07-14T19:25:26","guid":{"rendered":"http:\/\/blogs.uab.cat\/memoria\/2008\/07\/14\/verbo-congresear\/"},"modified":"2008-07-14T21:25:26","modified_gmt":"2008-07-14T19:25:26","slug":"verbo-congresear","status":"publish","type":"post","link":"https:\/\/webs.uab.cat\/memoria\/2008\/07\/14\/verbo-congresear\/","title":{"rendered":"Verbo congresear"},"content":{"rendered":"<p><img loading=\"lazy\" decoding=\"async\" border=\"0\" width=\"400\" src=\"http:\/\/lh6.ggpht.com\/afapalleja\/SHusoyPjfpI\/AAAAAAAAAKw\/TuBYNoznQa4\/s400\/index_r1_c1.jpg\" alt=\"IOHA\" height=\"56\" \/><\/p>\n<p>\u00a0No s\u00e9 si es posible conjugarlo pero es seguro que la acci\u00f3n podemos reconocerla. Porque no solamente asistimos a congresos o presentamos nuestras comunicaciones. El verbo congresear\u00a0debe ser definido contemplando la multiplidad de actividades sociales\u00a0o acad\u00e9mico-sociales que\u00a0en estas reuniones se dan. Seguro que hay quien congresea con evidente \u00e9xito y otros&#8230; no tanto. Nos entendemos, seguro. Y que quede claro que no es una cr\u00edtica, que yo tambi\u00e9n congreseo, eh!<\/p>\n<p>Pues a eso vamos, de congreso a congreso, que entre el 23 y el 26 de septiembre de este a\u00f1o (ya mismo) se celebra en Guadalajara, M\u00e9xico, el <font color=\"#ff0000\">XV Congreso Internacional de Historia Oral &#8220;Los di\u00e1logos de la historia oral con el tiempo presente<\/font>&#8220;. Convoca la International Oral History Association y a\u00fan est\u00e1is a tiempo de inscribiros aunque ya no para enviar contribuciones. Seguro que una gran oportunidad para compartir, aprender y congresear. \u00a0<\/p>\n<p>Enlace a la p\u00e1gina del congreso: \u00a0<a href=\"http:\/\/www.congresoioha2008.cucsh.udg.mx\/\">http:\/\/www.congresoioha2008.cucsh.udg.mx\/<\/a><\/p>\n<p>P\u00e1gina de la asociaci\u00f3n IOHA en castellano: \u00a0<a href=\"http:\/\/www.ioha.fgv.br\/ioha\/spanish\/paginainicial.html\">http:\/\/www.ioha.fgv.br\/ioha\/spanish\/paginainicial.html<\/a>\u00a0\u00a0\u00a0\u00a0\u00a0\u00a0\u00a0\u00a0\u00a0\u00a0<\/p>\n","protected":false},"excerpt":{"rendered":"<p>\u00a0No s\u00e9 si es posible conjugarlo pero es seguro que la acci\u00f3n podemos reconocerla. Porque no solamente asistimos a congresos o presentamos nuestras comunicaciones. El verbo congresear\u00a0debe ser definido contemplando la multiplidad de actividades sociales\u00a0o acad\u00e9mico-sociales que\u00a0en estas reuniones se dan. Seguro que hay quien congresea con evidente \u00e9xito y otros&#8230; no tanto. Nos entendemos, [&hellip;]<\/p>\n","protected":false},"author":143,"featured_media":0,"comment_status":"open","ping_status":"open","sticky":false,"template":"","format":"standard","meta":{"footnotes":""},"categories":[7,13,17],"tags":[46,149,240,275,368],"class_list":["post-18","post","type-post","status-publish","format-standard","hentry","category-congresos","category-fuentes-orales","category-memoria-historica","tag-america","tag-congreso","tag-guadalajara","tag-ioha","tag-mexico"],"_links":{"self":[{"href":"https:\/\/webs.uab.cat\/memoria\/wp-json\/wp\/v2\/posts\/18","targetHints":{"allow":["GET"]}}],"collection":[{"href":"https:\/\/webs.uab.cat\/memoria\/wp-json\/wp\/v2\/posts"}],"about":[{"href":"https:\/\/webs.uab.cat\/memoria\/wp-json\/wp\/v2\/types\/post"}],"author":[{"embeddable":true,"href":"https:\/\/webs.uab.cat\/memoria\/wp-json\/wp\/v2\/users\/143"}],"replies":[{"embeddable":true,"href":"https:\/\/webs.uab.cat\/memoria\/wp-json\/wp\/v2\/comments?post=18"}],"version-history":[{"count":0,"href":"https:\/\/webs.uab.cat\/memoria\/wp-json\/wp\/v2\/posts\/18\/revisions"}],"wp:attachment":[{"href":"https:\/\/webs.uab.cat\/memoria\/wp-json\/wp\/v2\/media?parent=18"}],"wp:term":[{"taxonomy":"category","embeddable":true,"href":"https:\/\/webs.uab.cat\/memoria\/wp-json\/wp\/v2\/categories?post=18"},{"taxonomy":"post_tag","embeddable":true,"href":"https:\/\/webs.uab.cat\/memoria\/wp-json\/wp\/v2\/tags?post=18"}],"curies":[{"name":"wp","href":"https:\/\/api.w.org\/{rel}","templated":true}]}}