{"id":209,"date":"2010-03-18T13:45:12","date_gmt":"2010-03-18T11:45:12","guid":{"rendered":"http:\/\/blogs.uab.cat\/memoria\/2010\/03\/18\/palacio-de-las-misiones\/"},"modified":"2010-03-18T13:45:12","modified_gmt":"2010-03-18T11:45:12","slug":"palacio-de-las-misiones","status":"publish","type":"post","link":"https:\/\/webs.uab.cat\/memoria\/2010\/03\/18\/palacio-de-las-misiones\/","title":{"rendered":"Palacio de las Misiones"},"content":{"rendered":"<p align=\"center\"><img loading=\"lazy\" decoding=\"async\" border=\"0\" src=\"http:\/\/lh6.ggpht.com\/_f_v9Gy_att8\/S4l0W1F5SfI\/AAAAAAAACgU\/pIBiBpu7Voc\/s400\/Barcelona089.jpg\" align=\"top\" height=\"300\" width=\"400\" \/><\/p>\n<p align=\"center\">\u00a0\u00danica fotograf\u00eda que se conserva del <a href=\"http:\/\/es.wikipedia.org\/wiki\/Exposici%C3%B3n_Internacional_de_Barcelona_(1929)\">Palacio de las Misiones<\/a>\u00a0<\/p>\n<p align=\"justify\">Aunque se llam\u00f3 palacio, su aspecto\u00a0asemeja m\u00e1s bien una prisi\u00f3n.\u00a0Y en eso se convirti\u00f3 al fin, en un centro de internamiento para los miles de emigrantes\u00a0que llegaban\u00a0a Barcelona\u00a0en los a\u00f1os 60, procedentes en su mayor\u00eda del\u00a0sur de Espa\u00f1a\u00a0y que eran expulsados, devueltos a sus lugares de origen, cuando no dispon\u00edan de\u00a0alojamiento\u00a0o\u00a0trabajo\u00a0en la ciudad.<\/p>\n<p align=\"justify\">El Palacio de las Misiones fue construido para albergar la exposici\u00f3n misional en el marco de la Exposici\u00f3n Internacional de Barcelona de 1929. Un excelente trabajo de <a href=\"http:\/\/rdtp.revistas.csic.es\/index.php\/rdtp\/article\/viewArticle\/3\">Luis \u00c1ngel S\u00e1nchez G\u00f3mez<\/a> explica el impacto que tuvo en la ciudad el acontecimiento ya que genero\u00a0actos simult\u00e1neos a la exposici\u00f3n, como cabalgatas, ceremonias\u00a0religiosas\u00a0multitudinarias,\u00a0etc. Vale la pena leer el art\u00edculo y ver las\u00a0fotograf\u00edas que lo ilustran.<\/p>\n<p align=\"justify\">Despu\u00e9s de la exposici\u00f3n, cerca de 30 a\u00f1os despu\u00e9s, el edificio fue reutilizado como centro de internamiento. Una historia\u00a0 no\u00a0muy conocida pero\u00a0que surge\u00a0siempre que se habla sobre la emigraci\u00f3n de aquellos tiempos con los protagonistas de la misma. La gente sab\u00eda que al llegar a Barcelona pod\u00edan encontrarse con un interrogatorio policial. Si alg\u00fan familiar ya residente y documentado respond\u00eda por los reci\u00e9n llegados o si\u00a0dispon\u00edan\u00a0de alg\u00fan documento que acreditase\u00a0un posible trabajo, no hab\u00eda problema, pero si no se\u00a0daba ninguna de estas circunstancias eran\u00a0conducidos\u00a0al\u00a0Pabell\u00f3n de Misiones donde se les internaba hasta que se les devolv\u00eda a su lugar de origen.\u00a0<\/p>\n<p align=\"justify\">Mucha gente llegaba advertida por otros que hab\u00edan hecho el viaje\u00a0antes y sab\u00edan que no deb\u00edan llegar hasta la estaci\u00f3n de Francia, el destino final de los trenes, as\u00ed que bajaban en algunas de las poblaciones anteriores o incluso saltaban de los trenes antes de llegar a Barcelona para no encontrarse con la polic\u00eda.<\/p>\n<p align=\"justify\">Hoy parece incre\u00edble que se expulsara a\u00a0miles de personas\u00a0que se desplazaban\u00a0por el interior de Espa\u00f1a\u00a0pero as\u00ed sucedi\u00f3.\u00a0De forma que lo que hoy en d\u00eda se hace con los inmigrantes que llegan de otros lugares tiene claros precedentes en \u00e9pocas bien recientes y nada tiene que ver con la nacionalidad ni la racionalidad sino con el miedo y\u00a0el control social que antes ejerci\u00f3 la dictadura y que hoy\u00a0aplican\u00a0instituciones democr\u00e1ticamente establecidas.\u00a0<\/p>\n","protected":false},"excerpt":{"rendered":"<p>\u00a0\u00danica fotograf\u00eda que se conserva del Palacio de las Misiones\u00a0 Aunque se llam\u00f3 palacio, su aspecto\u00a0asemeja m\u00e1s bien una prisi\u00f3n.\u00a0Y en eso se convirti\u00f3 al fin, en un centro de internamiento para los miles de emigrantes\u00a0que llegaban\u00a0a Barcelona\u00a0en los a\u00f1os 60, procedentes en su mayor\u00eda del\u00a0sur de Espa\u00f1a\u00a0y que eran expulsados, devueltos a sus lugares [&hellip;]<\/p>\n","protected":false},"author":143,"featured_media":0,"comment_status":"open","ping_status":"open","sticky":false,"template":"","format":"standard","meta":{"footnotes":""},"categories":[10,11,17],"tags":[187,201,271,406],"class_list":["post-209","post","type-post","status-publish","format-standard","hentry","category-espacios","category-exposiciones","category-memoria-historica","tag-emigracion","tag-exposicion-internacional","tag-inmigracion","tag-palacio-misiones"],"_links":{"self":[{"href":"https:\/\/webs.uab.cat\/memoria\/wp-json\/wp\/v2\/posts\/209","targetHints":{"allow":["GET"]}}],"collection":[{"href":"https:\/\/webs.uab.cat\/memoria\/wp-json\/wp\/v2\/posts"}],"about":[{"href":"https:\/\/webs.uab.cat\/memoria\/wp-json\/wp\/v2\/types\/post"}],"author":[{"embeddable":true,"href":"https:\/\/webs.uab.cat\/memoria\/wp-json\/wp\/v2\/users\/143"}],"replies":[{"embeddable":true,"href":"https:\/\/webs.uab.cat\/memoria\/wp-json\/wp\/v2\/comments?post=209"}],"version-history":[{"count":0,"href":"https:\/\/webs.uab.cat\/memoria\/wp-json\/wp\/v2\/posts\/209\/revisions"}],"wp:attachment":[{"href":"https:\/\/webs.uab.cat\/memoria\/wp-json\/wp\/v2\/media?parent=209"}],"wp:term":[{"taxonomy":"category","embeddable":true,"href":"https:\/\/webs.uab.cat\/memoria\/wp-json\/wp\/v2\/categories?post=209"},{"taxonomy":"post_tag","embeddable":true,"href":"https:\/\/webs.uab.cat\/memoria\/wp-json\/wp\/v2\/tags?post=209"}],"curies":[{"name":"wp","href":"https:\/\/api.w.org\/{rel}","templated":true}]}}