{"id":400,"date":"2011-03-16T20:24:23","date_gmt":"2011-03-16T18:24:23","guid":{"rendered":"http:\/\/blogs.uab.cat\/memoria\/?p=400"},"modified":"2011-03-16T20:24:23","modified_gmt":"2011-03-16T18:24:23","slug":"participacion-y-fuentes-de-la-memoria","status":"publish","type":"post","link":"https:\/\/webs.uab.cat\/memoria\/2011\/03\/16\/participacion-y-fuentes-de-la-memoria\/","title":{"rendered":"Participaci\u00f3n y fuentes de la memoria"},"content":{"rendered":"<p><a href=\"https:\/\/webs.uab.cat\/memoria\/wp-content\/uploads\/sites\/202\/2011\/03\/logo3.gif\"><img loading=\"lazy\" decoding=\"async\" class=\"alignleft size-full wp-image-403\" src=\"https:\/\/webs.uab.cat\/memoria\/wp-content\/uploads\/sites\/202\/2011\/03\/logo3.gif\" alt=\"\" width=\"144\" height=\"90\" \/><\/a><\/p>\n<p style=\"text-align: justify\">Un poco de autopublicidad o de autobombo, como quer\u00e1is. Mi \u00faltimo art\u00edculo, titulado <em><a href=\"http:\/\/www.isdfundacion.org\/publicaciones\/revista\/numeros\/5\/10-participacion-fuentes-memoria.html\">Participaci\u00f3n y fuentes de la memoria. Nuevos m\u00e9todos para nuevos retos<\/a><\/em>, publicado\u00a0por la revista <a href=\"http:\/\/www.isdfundacion.org\/publicaciones\/revista\/index.html\">Prisma Social<\/a> de la <a href=\"http:\/\/www.isdfundacion.org\/\">Fundaci\u00f3n IS+D para la Investigaci\u00f3n Social Avanzada<\/a>.<\/p>\n<p style=\"text-align: justify\">Dejo aqu\u00ed el resumen y a ver si hay quien se anima a leerlo&#8230;\u00a0(Si os interesa, solo ten\u00e9is que clicar en el t\u00edtulo).<\/p>\n<blockquote>\n<p style=\"text-align: justify\">Tradicionalmente, es el investigador quien selecciona los documentos que constituir\u00e1n la fuente sobre la que trabajar\u00e1 para corroborar sus hip\u00f3tesis. Pero en el mundo actual las posibilidades y los prop\u00f3sitos deben ser otros. Es necesario dise\u00f1ar nuevos m\u00e9todos de investigaci\u00f3n que aprovechen las oportunidades que ofrecen las tecnolog\u00edas y que contribuyan a desarrollar los principios de la democracia participativa.<\/p>\n<p style=\"text-align: justify\">Describimos en este texto un trabajo concebido para experimentar una metodolog\u00eda compleja, abordando diversos problemas y estrategias, que propici\u00f3 la participaci\u00f3n de la ciudadan\u00eda en un acontecimiento gracias al cual se compuso un autorretrato fotogr\u00e1fico de la sociedad local. La misma din\u00e1mica condujo as\u00ed tanto a la reflexi\u00f3n colectiva como a la concreci\u00f3n de las fuentes de estudio.<\/p>\n<\/blockquote>\n","protected":false},"excerpt":{"rendered":"<p>Un poco de autopublicidad o de autobombo, como quer\u00e1is. Mi \u00faltimo art\u00edculo, titulado Participaci\u00f3n y fuentes de la memoria. Nuevos m\u00e9todos para nuevos retos, publicado\u00a0por la revista Prisma Social de la Fundaci\u00f3n IS+D para la Investigaci\u00f3n Social Avanzada. Dejo aqu\u00ed el resumen y a ver si hay quien se anima a leerlo&#8230;\u00a0(Si os interesa, solo [&hellip;]<\/p>\n","protected":false},"author":143,"featured_media":0,"comment_status":"open","ping_status":"open","sticky":false,"template":"","format":"standard","meta":{"footnotes":""},"categories":[11,12,25],"tags":[223,227,411,445],"class_list":["post-400","post","type-post","status-publish","format-standard","hentry","category-exposiciones","category-fotografia","category-textos","tag-fuentes-de-la-memoria","tag-fundacion-isd","tag-participacion","tag-prisma-social"],"_links":{"self":[{"href":"https:\/\/webs.uab.cat\/memoria\/wp-json\/wp\/v2\/posts\/400","targetHints":{"allow":["GET"]}}],"collection":[{"href":"https:\/\/webs.uab.cat\/memoria\/wp-json\/wp\/v2\/posts"}],"about":[{"href":"https:\/\/webs.uab.cat\/memoria\/wp-json\/wp\/v2\/types\/post"}],"author":[{"embeddable":true,"href":"https:\/\/webs.uab.cat\/memoria\/wp-json\/wp\/v2\/users\/143"}],"replies":[{"embeddable":true,"href":"https:\/\/webs.uab.cat\/memoria\/wp-json\/wp\/v2\/comments?post=400"}],"version-history":[{"count":0,"href":"https:\/\/webs.uab.cat\/memoria\/wp-json\/wp\/v2\/posts\/400\/revisions"}],"wp:attachment":[{"href":"https:\/\/webs.uab.cat\/memoria\/wp-json\/wp\/v2\/media?parent=400"}],"wp:term":[{"taxonomy":"category","embeddable":true,"href":"https:\/\/webs.uab.cat\/memoria\/wp-json\/wp\/v2\/categories?post=400"},{"taxonomy":"post_tag","embeddable":true,"href":"https:\/\/webs.uab.cat\/memoria\/wp-json\/wp\/v2\/tags?post=400"}],"curies":[{"name":"wp","href":"https:\/\/api.w.org\/{rel}","templated":true}]}}