{"id":448,"date":"2026-04-23T10:43:02","date_gmt":"2026-04-23T08:43:02","guid":{"rendered":"https:\/\/webs.uab.cat\/mire\/?p=448"},"modified":"2026-04-23T10:47:46","modified_gmt":"2026-04-23T08:47:46","slug":"lequip-mire-present-a-la-mostra-de-recerca-jove-de-barcelona","status":"publish","type":"post","link":"https:\/\/webs.uab.cat\/mire\/lequip-mire-present-a-la-mostra-de-recerca-jove-de-barcelona\/","title":{"rendered":"L&#8217;equip M\u00efre present a la Mostra de Recerca Jove de Barcelona"},"content":{"rendered":"\n<p class=\"wp-block-paragraph\">Un membre de l\u2019equip del M\u00efRE ha participat com a jurat a la Mostra de Recerca Jove de Barcelona 2025-2026, una iniciativa del Consorci d&#8217;Educaci\u00f3 de Barcelona orientada a recon\u00e8ixer i posar en valor els treballs de recerca de l\u2019alumnat de batxillerat de la ciutat.<\/p>\n\n\n\n<p class=\"wp-block-paragraph\">La Mostra promou la investigaci\u00f3 i la reflexi\u00f3 cr\u00edtica sobre tem\u00e0tiques d\u2019inter\u00e8s social, aix\u00ed com el desenvolupament d\u2019una recerca compromesa amb la millora de les condicions de vida en com\u00fa.<\/p>\n\n\n\n<p class=\"wp-block-paragraph\">En aquest context, la participaci\u00f3 com a jurat ha implicat l\u2019avaluaci\u00f3 dels treballs presentats d\u2019acord amb criteris com l\u2019originalitat i la rellev\u00e0ncia de l\u2019objecte d\u2019estudi, la consist\u00e8ncia del marc te\u00f2ric, el rigor metodol\u00f2gic o l\u2019impacte social de la recerca.<\/p>\n\n\n\n<p class=\"wp-block-paragraph\">Aix\u00ed mateix, el proc\u00e9s ha incl\u00f2s la interacci\u00f3 directa amb l\u2019alumnat participant, mitjan\u00e7ant converses orientades a oferir retorn i suggeriments per al desenvolupament futur dels seus projectes de recerca.<\/p>\n\n\n\n<p class=\"wp-block-paragraph\">La participaci\u00f3 en aquesta iniciativa refor\u00e7a el comprom\u00eds de l\u2019equip de Mire amb la promoci\u00f3 de la recerca educativa i amb el suport al desenvolupament de compet\u00e8ncies investigadores en les etapes preuniversit\u00e0ries.<\/p>\n\n\n\n<p class=\"wp-block-paragraph\">Podeu consultar m\u00e9s informaci\u00f3 sobre la jornada en aquest <a href=\"https:\/\/www.edubcn.cat\/ca\/suport_educatiu_recursos\/plans_programes\/impuls_recerca\/mostra_de_recerca_jove_bcn\">enlla\u00e7<\/a>.<\/p>\n","protected":false},"excerpt":{"rendered":"<p>Un membre de l\u2019equip del M\u00efRE ha participat com a jurat a la Mostra de Recerca Jove de Barcelona 2025-2026, una iniciativa del Consorci d&#8217;Educaci\u00f3 de Barcelona orientada a recon\u00e8ixer i posar en valor els treballs de recerca de l\u2019alumnat de batxillerat de la ciutat. La Mostra promou la investigaci\u00f3 i la reflexi\u00f3 cr\u00edtica sobre [&hellip;]<\/p>\n","protected":false},"author":3170,"featured_media":451,"comment_status":"closed","ping_status":"closed","sticky":false,"template":"","format":"standard","meta":{"footnotes":""},"categories":[1],"tags":[],"class_list":["post-448","post","type-post","status-publish","format-standard","has-post-thumbnail","hentry","category-general"],"_links":{"self":[{"href":"https:\/\/webs.uab.cat\/mire\/wp-json\/wp\/v2\/posts\/448","targetHints":{"allow":["GET"]}}],"collection":[{"href":"https:\/\/webs.uab.cat\/mire\/wp-json\/wp\/v2\/posts"}],"about":[{"href":"https:\/\/webs.uab.cat\/mire\/wp-json\/wp\/v2\/types\/post"}],"author":[{"embeddable":true,"href":"https:\/\/webs.uab.cat\/mire\/wp-json\/wp\/v2\/users\/3170"}],"replies":[{"embeddable":true,"href":"https:\/\/webs.uab.cat\/mire\/wp-json\/wp\/v2\/comments?post=448"}],"version-history":[{"count":6,"href":"https:\/\/webs.uab.cat\/mire\/wp-json\/wp\/v2\/posts\/448\/revisions"}],"predecessor-version":[{"id":455,"href":"https:\/\/webs.uab.cat\/mire\/wp-json\/wp\/v2\/posts\/448\/revisions\/455"}],"wp:featuredmedia":[{"embeddable":true,"href":"https:\/\/webs.uab.cat\/mire\/wp-json\/wp\/v2\/media\/451"}],"wp:attachment":[{"href":"https:\/\/webs.uab.cat\/mire\/wp-json\/wp\/v2\/media?parent=448"}],"wp:term":[{"taxonomy":"category","embeddable":true,"href":"https:\/\/webs.uab.cat\/mire\/wp-json\/wp\/v2\/categories?post=448"},{"taxonomy":"post_tag","embeddable":true,"href":"https:\/\/webs.uab.cat\/mire\/wp-json\/wp\/v2\/tags?post=448"}],"curies":[{"name":"wp","href":"https:\/\/api.w.org\/{rel}","templated":true}]}}